{"id":11379,"date":"2023-08-02T15:35:57","date_gmt":"2023-08-02T12:35:57","guid":{"rendered":"https:\/\/smartecon.com\/?p=11379"},"modified":"2023-08-02T15:38:10","modified_gmt":"2023-08-02T12:38:10","slug":"smartecon-saules-parku-attistibu-kave-kapacitates-trukums","status":"publish","type":"post","link":"https:\/\/smartecon.com\/lv\/smartecon-saules-parku-attistibu-kave-kapacitates-trukums\/","title":{"rendered":"Smartecon: Saules parku att\u012bst\u012bbu kav\u0113 kapacit\u0101tes tr\u016bkums"},"content":{"rendered":"\t\t<div data-elementor-type=\"wp-post\" data-elementor-id=\"11379\" class=\"elementor elementor-11379 elementor-11326\" data-elementor-post-type=\"post\">\n\t\t\t\t\t\t<section class=\"elementor-section elementor-top-section elementor-element elementor-element-9b7747d elementor-section-boxed elementor-section-height-default elementor-section-height-default\" data-id=\"9b7747d\" data-element_type=\"section\" data-e-type=\"section\" data-settings=\"{&quot;jet_parallax_layout_list&quot;:[]}\">\n\t\t\t\t\t\t<div class=\"elementor-container elementor-column-gap-default\">\n\t\t\t\t\t<div class=\"elementor-column elementor-col-100 elementor-top-column elementor-element elementor-element-f9a0474\" data-id=\"f9a0474\" data-element_type=\"column\" data-e-type=\"column\">\n\t\t\t<div class=\"elementor-widget-wrap elementor-element-populated\">\n\t\t\t\t\t\t<div class=\"elementor-element elementor-element-f3db2b2 elementor-widget elementor-widget-heading\" data-id=\"f3db2b2\" data-element_type=\"widget\" data-e-type=\"widget\" data-widget_type=\"heading.default\">\n\t\t\t\t<div class=\"elementor-widget-container\">\n\t\t\t\t\t<h2 class=\"elementor-heading-title elementor-size-default\">Uz\u0146\u0113muma ar desmit gadu pieredzi atjaunojam\u0101s ener\u0123ijas jom\u0101 vad\u012bt\u0101js Magno Kure, k\u0101 vienu no galvenajiem iemesliem \u0161\u012b potenci\u0101la neizmanto\u0161an\u0101 min ra\u017eo\u0161anas kapacit\u0101tes tr\u016bkumu tirg\u016b. <\/h2>\t\t\t\t<\/div>\n\t\t\t\t<\/div>\n\t\t\t\t\t<\/div>\n\t\t<\/div>\n\t\t\t\t\t<\/div>\n\t\t<\/section>\n\t\t\t\t<section class=\"elementor-section elementor-top-section elementor-element elementor-element-32a3708 elementor-section-boxed elementor-section-height-default elementor-section-height-default\" data-id=\"32a3708\" data-element_type=\"section\" data-e-type=\"section\" data-settings=\"{&quot;jet_parallax_layout_list&quot;:[]}\">\n\t\t\t\t\t\t<div class=\"elementor-container elementor-column-gap-default\">\n\t\t\t\t\t<div class=\"elementor-column elementor-col-100 elementor-top-column elementor-element elementor-element-21a4952\" data-id=\"21a4952\" data-element_type=\"column\" data-e-type=\"column\">\n\t\t\t<div class=\"elementor-widget-wrap elementor-element-populated\">\n\t\t\t\t\t\t<div class=\"elementor-element elementor-element-f6166bc elementor-widget elementor-widget-text-editor\" data-id=\"f6166bc\" data-element_type=\"widget\" data-e-type=\"widget\" data-widget_type=\"text-editor.default\">\n\t\t\t\t<div class=\"elementor-widget-container\">\n\t\t\t\t\t\t\t\t\t<p>Izmai\u0146as \u0123eopolitiskaj\u0101 situ\u0101cij\u0101 un Eiropas Za\u013c\u0101 kursa pl\u0101ns l\u012bdz 2050. gadam pan\u0101kt klimatneitralit\u0101ti, liek valst\u012bm mekl\u0113t veidus, k\u0101 aizst\u0101t fosillo kurin\u0101mo un k\u0101 stiprin\u0101t savu neatkar\u012bbu ener\u0123\u0113tikas jom\u0101. K\u0101 viens no iesp\u0113jamajiem risin\u0101jumiem ir elektroener\u0123ijas ra\u017eo\u0161ana, izb\u016bv\u0113jot un att\u012bstot saules elektrostacijas.<\/p><p>Lai gan elektroener\u0123ijas pat\u0113r\u0113t\u0101ji Latvij\u0101, Lietuv\u0101 un Igaunij\u0101 arvien iegulda saules elektrostacij\u0101s, uzst\u0101dot tos sav\u0101s teritorij\u0101s (gan uz zemes, gan \u0113ku jumtiem) vai p\u0113rkot elektroener\u0123iju no att\u0101l\u0101m elektrostacij\u0101m, apjom\u012bgu saules ener\u0123ijas parku att\u012bst\u012bbu Baltijas valst\u012bs bremz\u0113 da\u017e\u0101di izaicin\u0101jumi.<\/p><p>Saules elektrostaciju parki ir specifiska tehnolo\u0123ija, kas joproj\u0101m tiek pilnveidota un att\u012bst\u012bta. Smartecon vad\u012bt\u0101js M. Kure nor\u0101da, ka Baltijas tirg\u016b tr\u016bkst speci\u0101listu, kuri sp\u0113j piel\u0101goties da\u017e\u0101du valstu pras\u012bb\u0101m un kuriem ir nepiecie\u0161am\u0101s zin\u0101\u0161anas, pieredze un profesion\u0101la komanda, kas sp\u0113j vad\u012bt ne tikai lielus, starptautiskus projektus, bet ar\u012b nodro\u0161in\u0101t nevainojamu darba izpildi un uzst\u0101d\u012bt\u0101 parka uztur\u0113\u0161anu.<\/p><p>\u201cJau vair\u0101k nek\u0101 10 gadus m\u0113s esam m\u0113r\u0137tiec\u012bgi str\u0101d\u0101ju\u0161i \u0161aj\u0101 virzien\u0101 &#8211; m\u0113s r\u016bp\u0113jamies par saules elektrostaciju parku uzst\u0101d\u012b\u0161anu un uztur\u0113\u0161anu. Ar m\u016bsu iepriek\u0161\u0113jiem darbiem esam pier\u0101d\u012bju\u0161i savas sp\u0113jas, mums ir augsti kvalific\u0113ti profesion\u0101\u013ci, in\u017eenieri un projektu vad\u012bt\u0101ji,\u201d st\u0101sta Smartecon vad\u012bt\u0101js Magno Kure.<\/p><p>K\u0101 st\u0101sta uz\u0146\u0113muma dibin\u0101t\u0101js un izpilddirektors, uzkr\u0101t\u0101 pieredze ieg\u016bta past\u0101v\u012bgi palielinot realiz\u0113to projektu apjomu. Pirms desmit gadiem Smartecon bija tikai mazs Igaunijas uz\u0146\u0113mums, ta\u010du \u0161obr\u012bd uz\u0146\u0113mums \u012bsteno projektus Baltijas valst\u012bs un ar\u012b Skandin\u0101vij\u0101: uz\u0146\u0113mums b\u016bv\u0113 130 MW saules elektrostaciju parkus, k\u0101 ar\u012b att\u012bsta 224 MW lielus saules parkus.<\/p>\t\t\t\t\t\t\t\t<\/div>\n\t\t\t\t<\/div>\n\t\t\t\t\t<\/div>\n\t\t<\/div>\n\t\t\t\t\t<\/div>\n\t\t<\/section>\n\t\t\t\t<section class=\"elementor-section elementor-top-section elementor-element elementor-element-a567434 elementor-section-boxed elementor-section-height-default elementor-section-height-default\" data-id=\"a567434\" data-element_type=\"section\" data-e-type=\"section\" data-settings=\"{&quot;jet_parallax_layout_list&quot;:[]}\">\n\t\t\t\t\t\t<div class=\"elementor-container elementor-column-gap-default\">\n\t\t\t\t\t<div class=\"elementor-column elementor-col-100 elementor-top-column elementor-element elementor-element-e363676\" data-id=\"e363676\" data-element_type=\"column\" data-e-type=\"column\">\n\t\t\t<div class=\"elementor-widget-wrap elementor-element-populated\">\n\t\t\t\t\t\t<div class=\"elementor-element elementor-element-3c31caf elementor-widget elementor-widget-heading\" data-id=\"3c31caf\" data-element_type=\"widget\" data-e-type=\"widget\" data-widget_type=\"heading.default\">\n\t\t\t\t<div class=\"elementor-widget-container\">\n\t\t\t\t\t<h2 class=\"elementor-heading-title elementor-size-default\">Att\u012bst\u012bbu kav\u0113 kapacit\u0101tes tr\u016bkums<\/h2>\t\t\t\t<\/div>\n\t\t\t\t<\/div>\n\t\t\t\t\t<\/div>\n\t\t<\/div>\n\t\t\t\t\t<\/div>\n\t\t<\/section>\n\t\t\t\t<section class=\"elementor-section elementor-top-section elementor-element elementor-element-2352edf elementor-section-boxed elementor-section-height-default elementor-section-height-default\" data-id=\"2352edf\" data-element_type=\"section\" data-e-type=\"section\" data-settings=\"{&quot;jet_parallax_layout_list&quot;:[]}\">\n\t\t\t\t\t\t<div class=\"elementor-container elementor-column-gap-default\">\n\t\t\t\t\t<div class=\"elementor-column elementor-col-100 elementor-top-column elementor-element elementor-element-290fba6\" data-id=\"290fba6\" data-element_type=\"column\" data-e-type=\"column\">\n\t\t\t<div class=\"elementor-widget-wrap elementor-element-populated\">\n\t\t\t\t\t\t<div class=\"elementor-element elementor-element-8c0b942 elementor-widget elementor-widget-text-editor\" data-id=\"8c0b942\" data-element_type=\"widget\" data-e-type=\"widget\" data-widget_type=\"text-editor.default\">\n\t\t\t\t<div class=\"elementor-widget-container\">\n\t\t\t\t\t\t\t\t\t<p>Lai gan pieaug nepiecie\u0161am\u012bba p\u0113c atjaunojam\u0101s ener\u0123ijas, saules parku att\u012bst\u012bba nav pietiekami strauja. \u0160\u012b situ\u0101cija skaidrojama ar izaicin\u0101jumiem, kuriem saskaras att\u012bst\u012bt\u0101ji.<\/p><p>Jo \u012bpa\u0161i starptautiskaj\u0101 tirg\u016b t\u016bkst uz\u0146\u0113mumi projektu vad\u012bb\u0101 un nozares speci\u0101listu, kas sp\u0113tu nodro\u0161in\u0101t raitu projektu sagatavo\u0161anu, to vad\u012bbu un realiz\u0101ciju. Nozar\u0113 str\u0101d\u0101 pietiekami daudz uz\u0146\u0113mumu, kas sp\u0113j nodro\u0161in\u0101t atsevi\u0161\u0137us projekta posmus, ta\u010du tr\u016bkst pieredzes un profesion\u0101lu in\u017eenieru vai projekt\u0113t\u0101ju.<\/p><p>V\u0113l viens izaicin\u0101jums ir saist\u012bts ar piesl\u0113g\u0161anos p\u0101rvades t\u012bkliem. Saules ener\u0123ijas parku uzst\u0101d\u012b\u0161ana ir tikai\u00a0 viena no darba sast\u0101vda\u013c\u0101m. Papildus izaicin\u0101jums ir dro\u0161i piesl\u0113gt elektrostaciju p\u0101rvades t\u012bkliem. Da\u017e\u0101d\u0101m valst\u012bm ir at\u0161\u0137ir\u012bgas pras\u012bbas un regul\u0113jumi, kurus uz\u0146\u0113mumiem j\u0101sp\u0113j iev\u0113rot.<\/p><p>K\u0101 st\u0101sta M. Kure, ir ar\u012b tre\u0161ais izaicin\u0101jums &#8211; tr\u016bkst uz\u0146\u0113mumu, kas sp\u0113j nodro\u0161in\u0101t akt\u012bvu p\u0101rvald\u012b\u0161anas pakalpojumus, jo ar saules parku uzst\u0101d\u012b\u0161anu vien nepietiek. Lai tas b\u016btu ilgtsp\u0113j\u012bgs, ir j\u0101nodro\u0161ina past\u0101v\u012bga apkope, ta\u010du iev\u0113rojams skaits uz\u0146\u0113mumu nesp\u0113j sniegt \u0161\u0101du pakalpojumu.<\/p>\t\t\t\t\t\t\t\t<\/div>\n\t\t\t\t<\/div>\n\t\t\t\t\t<\/div>\n\t\t<\/div>\n\t\t\t\t\t<\/div>\n\t\t<\/section>\n\t\t\t\t<section class=\"elementor-section elementor-top-section elementor-element elementor-element-674e6ee elementor-section-boxed elementor-section-height-default elementor-section-height-default\" data-id=\"674e6ee\" data-element_type=\"section\" data-e-type=\"section\" data-settings=\"{&quot;jet_parallax_layout_list&quot;:[]}\">\n\t\t\t\t\t\t<div class=\"elementor-container elementor-column-gap-default\">\n\t\t\t\t\t<div class=\"elementor-column elementor-col-100 elementor-top-column elementor-element elementor-element-8d72e2e\" data-id=\"8d72e2e\" data-element_type=\"column\" data-e-type=\"column\">\n\t\t\t<div class=\"elementor-widget-wrap elementor-element-populated\">\n\t\t\t\t\t\t<div class=\"elementor-element elementor-element-0f5c29c elementor-widget elementor-widget-heading\" data-id=\"0f5c29c\" data-element_type=\"widget\" data-e-type=\"widget\" data-widget_type=\"heading.default\">\n\t\t\t\t<div class=\"elementor-widget-container\">\n\t\t\t\t\t<h2 class=\"elementor-heading-title elementor-size-default\">Ieguvumi investoriem un att\u012bst\u012bt\u0101jiem<\/h2>\t\t\t\t<\/div>\n\t\t\t\t<\/div>\n\t\t\t\t\t<\/div>\n\t\t<\/div>\n\t\t\t\t\t<\/div>\n\t\t<\/section>\n\t\t\t\t<section class=\"elementor-section elementor-top-section elementor-element elementor-element-cdb7dfa elementor-section-boxed elementor-section-height-default elementor-section-height-default\" data-id=\"cdb7dfa\" data-element_type=\"section\" data-e-type=\"section\" data-settings=\"{&quot;jet_parallax_layout_list&quot;:[]}\">\n\t\t\t\t\t\t<div class=\"elementor-container elementor-column-gap-default\">\n\t\t\t\t\t<div class=\"elementor-column elementor-col-100 elementor-top-column elementor-element elementor-element-9f82b68\" data-id=\"9f82b68\" data-element_type=\"column\" data-e-type=\"column\">\n\t\t\t<div class=\"elementor-widget-wrap elementor-element-populated\">\n\t\t\t\t\t\t<div class=\"elementor-element elementor-element-ab356ff elementor-widget elementor-widget-text-editor\" data-id=\"ab356ff\" data-element_type=\"widget\" data-e-type=\"widget\" data-widget_type=\"text-editor.default\">\n\t\t\t\t<div class=\"elementor-widget-container\">\n\t\t\t\t\t\t\t\t\t<p>Darbojoties nozar\u0113 jau desmit gadus, Smartecon ir \u012bstenojis vair\u0101k k\u0101 1000 projektus da\u017e\u0101d\u0101s valst\u012bs, kuru kop\u0113j\u0101 v\u0113rt\u012bba p\u0101rsniedz 50 miljonus eiro un ier\u012bkoti saules ene\u0123ijas parki ar 80 MW jaudu.<\/p><p>Uz\u0146\u0113mums savu darb\u012bbu \u0161aj\u0101 nozar\u0113 Igaunij\u0101 uzs\u0101ka k\u0101 viens no pirmajiem, akt\u012bvi piedaloties saules elektroener\u0123ijas parku att\u012bst\u012bb\u0101, pal\u012bdzot izstr\u0101d\u0101t standartus, k\u0101 ar\u012b veicinot asoci\u0101cijas izveidi. Latvij\u0101 Smartecon att\u012bsta un buv\u0113 industri\u0101la m\u0113roga saules parkus, papildinot portfeli ar elektroener\u0123ijas uzkr\u0101jo\u0161o bateriju sist\u0113m\u0101m. No 120 valst\u012bm p\u0113c ener\u0123ijas p\u0101rvaldes indeksa, Latvija ir 26 viet\u0101, Igaunija desmit\u0101, bet Lietuva 36 viet\u0101.<\/p><p>K\u0101 nor\u0101da M. Kure, uz\u0146\u0113muma augsti kvalific\u0113tu profesion\u0101\u013cu komanda ir uzkr\u0101jusi pieredzi v\u0113rien\u012bgu projektu vad\u012bb\u0101 un zin\u0101\u0161anas saules parku projekt\u0113\u0161an\u0101, koncentr\u0113joties uz efekt\u012bvu risin\u0101jumu mekl\u0113\u0161anu un \u012bsteno\u0161anu.<\/p><p>\u201cM\u016bsu komanda p\u0101rzina ne tikai pras\u012bbas, lai sp\u0113tu Baltijas valstis piesl\u0113gt t\u012bklam, bet mums ir ar\u012b pieredze un sadarb\u012bbas partneri cit\u0101s Eiropas valst\u012bs, t\u0101p\u0113c sp\u0113jam pied\u0101v\u0101t efekt\u012bvus risin\u0101jumus apjom\u012bgu projektu realiz\u0101cij\u0101 ar t\u0101du pa\u0161u kvalit\u0101ti k\u0101 \u012bstenojot viet\u0113ja m\u0113roga projektus,\u201d uzsver M. Kure.<\/p>\t\t\t\t\t\t\t\t<\/div>\n\t\t\t\t<\/div>\n\t\t\t\t\t<\/div>\n\t\t<\/div>\n\t\t\t\t\t<\/div>\n\t\t<\/section>\n\t\t\t\t<section class=\"elementor-section elementor-top-section elementor-element elementor-element-217205d elementor-section-boxed elementor-section-height-default elementor-section-height-default\" data-id=\"217205d\" data-element_type=\"section\" data-e-type=\"section\" data-settings=\"{&quot;jet_parallax_layout_list&quot;:[]}\">\n\t\t\t\t\t\t<div class=\"elementor-container elementor-column-gap-default\">\n\t\t\t\t\t<div class=\"elementor-column elementor-col-100 elementor-top-column elementor-element elementor-element-d6e7d83\" data-id=\"d6e7d83\" data-element_type=\"column\" data-e-type=\"column\">\n\t\t\t<div class=\"elementor-widget-wrap elementor-element-populated\">\n\t\t\t\t\t\t<div class=\"elementor-element elementor-element-635f812 elementor-widget elementor-widget-heading\" data-id=\"635f812\" data-element_type=\"widget\" data-e-type=\"widget\" data-widget_type=\"heading.default\">\n\t\t\t\t<div class=\"elementor-widget-container\">\n\t\t\t\t\t<h2 class=\"elementor-heading-title elementor-size-default\">N\u0101kotne sl\u0113pjas saules elektroparku att\u012bst\u012bb\u0101<\/h2>\t\t\t\t<\/div>\n\t\t\t\t<\/div>\n\t\t\t\t\t<\/div>\n\t\t<\/div>\n\t\t\t\t\t<\/div>\n\t\t<\/section>\n\t\t\t\t<section class=\"elementor-section elementor-top-section elementor-element elementor-element-7f7be88 elementor-section-boxed elementor-section-height-default elementor-section-height-default\" data-id=\"7f7be88\" data-element_type=\"section\" data-e-type=\"section\" data-settings=\"{&quot;jet_parallax_layout_list&quot;:[]}\">\n\t\t\t\t\t\t<div class=\"elementor-container elementor-column-gap-default\">\n\t\t\t\t\t<div class=\"elementor-column elementor-col-100 elementor-top-column elementor-element elementor-element-758986c\" data-id=\"758986c\" data-element_type=\"column\" data-e-type=\"column\">\n\t\t\t<div class=\"elementor-widget-wrap elementor-element-populated\">\n\t\t\t\t\t\t<div class=\"elementor-element elementor-element-4578ca9 elementor-widget elementor-widget-text-editor\" data-id=\"4578ca9\" data-element_type=\"widget\" data-e-type=\"widget\" data-widget_type=\"text-editor.default\">\n\t\t\t\t<div class=\"elementor-widget-container\">\n\t\t\t\t\t\t\t\t\t<p>Baltijas valstis iesaist\u0101s atjaunojam\u0101s ener\u0123ijas att\u012bst\u012bb\u0101, novirzot resursus saules ener\u0123ijas ieguvei, t\u0101d\u0113j\u0101di\u00a0 stiprinot ener\u0123\u0113tisko neatkar\u012bbu un integr\u0113joties ES ener\u0123ijas t\u012bklos.<\/p><p>\u201cBaltijas valst\u012bm ir j\u0101nes atbild\u012bba par elektroener\u0123ijas t\u012bklu att\u012bst\u012bbu &#8211; t\u0101m ir j\u0101r\u016bp\u0113jas par elektrol\u012bniju sagatavo\u0161anu un piel\u0101go\u0161anu, lai t\u0101s sp\u0113tu uztur\u0113t saules ener\u0123ijas parkus ar augstu za\u013c\u0101s ener\u0123ijas ra\u017eo\u0161anas jaudu. Eiropas Savien\u012bbas valstis ir ap\u0146\u0113mu\u0161\u0101s samazin\u0101t emisijas, t\u0101p\u0113c nepiecie\u0161am\u012bba p\u0113c saules ener\u0123ijas tikai pieaugs. Saules parki var kalpot vismaz gadus 30, t\u0101p\u0113c jau tagad r\u016bp\u0113joties par \u0161\u0101du parku att\u012bst\u012bbu un nodro\u0161inot to pareizu uztur\u0113\u0161anu, sist\u0113ma turpin\u0101s efekt\u012bvi ra\u017eot ener\u0123iju ar\u012b p\u0113c daudziem gadiem,\u201d st\u0101sta M. Kure.<\/p>\t\t\t\t\t\t\t\t<\/div>\n\t\t\t\t<\/div>\n\t\t\t\t\t<\/div>\n\t\t<\/div>\n\t\t\t\t\t<\/div>\n\t\t<\/section>\n\t\t\t\t<\/div>\n\t\t","protected":false},"excerpt":{"rendered":"<p>Uz\u0146\u0113muma ar desmit gadu pieredzi atjaunojam\u0101s ener\u0123ijas jom\u0101 vad\u012bt\u0101js Magno Kure, k\u0101 vienu no galvenajiem iemesliem \u0161\u012b potenci\u0101la neizmanto\u0161an\u0101 min ra\u017eo\u0161anas kapacit\u0101tes tr\u016bkumu tirg\u016b. Izmai\u0146as \u0123eopolitiskaj\u0101 situ\u0101cij\u0101 un Eiropas Za\u013c\u0101 kursa pl\u0101ns l\u012bdz 2050. gadam pan\u0101kt klimatneitralit\u0101ti, liek valst\u012bm mekl\u0113t veidus, k\u0101 aizst\u0101t fosillo kurin\u0101mo un k\u0101 stiprin\u0101t savu neatkar\u012bbu ener\u0123\u0113tikas jom\u0101. K\u0101 viens no [&hellip;]<\/p>\n","protected":false},"author":116,"featured_media":11162,"comment_status":"closed","ping_status":"open","sticky":false,"template":"","format":"standard","meta":{"_acf_changed":false,"footnotes":""},"categories":[37],"tags":[],"class_list":["post-11379","post","type-post","status-publish","format-standard","has-post-thumbnail","hentry","category-uncategorized-lv"],"acf":[],"_links":{"self":[{"href":"https:\/\/smartecon.com\/lv\/wp-json\/wp\/v2\/posts\/11379","targetHints":{"allow":["GET"]}}],"collection":[{"href":"https:\/\/smartecon.com\/lv\/wp-json\/wp\/v2\/posts"}],"about":[{"href":"https:\/\/smartecon.com\/lv\/wp-json\/wp\/v2\/types\/post"}],"author":[{"embeddable":true,"href":"https:\/\/smartecon.com\/lv\/wp-json\/wp\/v2\/users\/116"}],"replies":[{"embeddable":true,"href":"https:\/\/smartecon.com\/lv\/wp-json\/wp\/v2\/comments?post=11379"}],"version-history":[{"count":4,"href":"https:\/\/smartecon.com\/lv\/wp-json\/wp\/v2\/posts\/11379\/revisions"}],"predecessor-version":[{"id":11383,"href":"https:\/\/smartecon.com\/lv\/wp-json\/wp\/v2\/posts\/11379\/revisions\/11383"}],"wp:featuredmedia":[{"embeddable":true,"href":"https:\/\/smartecon.com\/lv\/wp-json\/wp\/v2\/media\/11162"}],"wp:attachment":[{"href":"https:\/\/smartecon.com\/lv\/wp-json\/wp\/v2\/media?parent=11379"}],"wp:term":[{"taxonomy":"category","embeddable":true,"href":"https:\/\/smartecon.com\/lv\/wp-json\/wp\/v2\/categories?post=11379"},{"taxonomy":"post_tag","embeddable":true,"href":"https:\/\/smartecon.com\/lv\/wp-json\/wp\/v2\/tags?post=11379"}],"curies":[{"name":"wp","href":"https:\/\/api.w.org\/{rel}","templated":true}]}}