{"id":9453,"date":"2023-02-01T13:23:05","date_gmt":"2023-02-01T11:23:05","guid":{"rendered":"https:\/\/smartecon.ee\/?p=9453"},"modified":"2023-02-01T15:21:12","modified_gmt":"2023-02-01T13:21:12","slug":"energetikos-ekspertai-lietuva","status":"publish","type":"post","link":"https:\/\/smartecon.com\/lt\/energetikos-ekspertai-lietuva\/","title":{"rendered":"<strong>Energetikos ekspertai: Lietuva paj\u0117gi gaminti dar daugiau pigios saul\u0117s energijos, ta\u010diau to nedaro: ko \u0161ioje srityje verta pasimokyti i\u0161 est\u0173?<\/strong>"},"content":{"rendered":"\t\t<div data-elementor-type=\"wp-post\" data-elementor-id=\"9453\" class=\"elementor elementor-9453\" data-elementor-post-type=\"post\">\n\t\t\t\t\t\t<section class=\"elementor-section elementor-top-section elementor-element elementor-element-1421330b elementor-section-boxed elementor-section-height-default elementor-section-height-default\" data-id=\"1421330b\" data-element_type=\"section\" data-e-type=\"section\" data-settings=\"{&quot;jet_parallax_layout_list&quot;:[]}\">\n\t\t\t\t\t\t<div class=\"elementor-container elementor-column-gap-default\">\n\t\t\t\t\t<div class=\"elementor-column elementor-col-100 elementor-top-column elementor-element elementor-element-48257f0e\" data-id=\"48257f0e\" data-element_type=\"column\" data-e-type=\"column\">\n\t\t\t<div class=\"elementor-widget-wrap elementor-element-populated\">\n\t\t\t\t\t\t<div class=\"elementor-element elementor-element-4e6fa43 elementor-widget elementor-widget-heading\" data-id=\"4e6fa43\" data-element_type=\"widget\" data-e-type=\"widget\" data-widget_type=\"heading.default\">\n\t\t\t\t<div class=\"elementor-widget-container\">\n\t\t\t\t\t<h2 class=\"elementor-heading-title elementor-size-default\">Vingiuotas kelias Lietuvos energetin\u0117s nepriklausomyb\u0117s link: gamintoj\u0173, siekian\u010di\u0173 generuoti daugiau saul\u0117s energijos, galimybes var\u017eo \u012fstatymai.<\/h2>\t\t\t\t<\/div>\n\t\t\t\t<\/div>\n\t\t\t\t<div class=\"elementor-element elementor-element-4be7e49b elementor-widget elementor-widget-text-editor\" data-id=\"4be7e49b\" data-element_type=\"widget\" data-e-type=\"widget\" data-widget_type=\"text-editor.default\">\n\t\t\t\t<div class=\"elementor-widget-container\">\n\t\t\t\t\t\t\t\t\t<p>2022 m. Lietuvoje veik\u0117 vir\u0161 500MW saul\u0117s energijos elektrini\u0173 kuriuos sugeneruoja iki 3 proc. \u0161alies elektros energijos poreikio. Nors jau artimiausiu metu \u0161i\u0105 rinkos dal\u012f galima dar daugiau i\u0161pl\u0117sti, energetikos ekspert\u0173 teigimu, atsinaujinan\u010di\u0173 energetikos \u0161altini\u0173 potencialas u\u017estringa ministerijos ir rinkos dalyvi\u0173 interes\u0173 skirtumuose.<\/p><p>Kelis pastaruosius metus Lietuvoje sugeneruojamos saul\u0117s energijos galia augo dvi\u017eenkliais skai\u010diais, o kartu did\u0117jo ir atsinaujinan\u010di\u0173 energetikos \u0161altini\u0173 sektoriui tenkan\u010di\u0173 investicij\u0173 kiekis.<\/p><p><span style=\"color: var( --e-global-color-text ); text-align: var(--bs-body-text-align);\">Nepaisant to, pra\u0117jusi\u0173 met\u0173 liepos m\u0117n. LR Energetikos ministerijos parengtas atsinaujinan\u010di\u0173 energijos i\u0161tekli\u0173 (AEI) energetikos \u012fstatymas daugel\u012f rinkos dalyvi\u0173 privert\u0117 sustabdyti \u0161iuo metu vykdomus projektus. Deklaruodami nor\u0105 apsaugoti jautresnius gaminan\u010dius vartotojus, ministerija numat\u0117 2 gigavat\u0173 komercini\u0173 saul\u0117s elektrini\u0173 galios ribojim\u0105, u\u017ekertant\u012f keli\u0105 Lietuvos ir u\u017esienio investicijoms ir galimybei lietuviams u\u017e elektr\u0105 mok\u0117ti ma\u017eiau.<\/span><\/p><p><span style=\"color: var( --e-global-color-text ); text-align: var(--bs-body-text-align);\">\u201eLietuvoje technini\u0173 galimybi\u0173 generuoti saul\u0117s energij\u0105 limitas dar tikrai n\u0117ra pasiektas, tod\u0117l rinkos dalyviams toks ministerijos sprendimas yra nesuvokiamas. D\u0117l \u0161iuo metu vykstan\u010di\u0173 gin\u010di\u0173 komercini\u0173 saul\u0117s elektrini\u0173 projekt\u0173 pl\u0117tra sustabdyta neapibr\u0117\u017etam laikui. Tai dalyviams atne\u0161a ne tik laiko ar piniginius, investicij\u0173 praradimus, bet ir atitolina \u0161alies energetin\u0117s nepriklausomyb\u0117s id\u0117j\u0105\u201c, \u2013 pabr\u0117\u017eia Paulius Ar\u016bnas, \u201eSmartecon\u201c verslo pl\u0117tros vadovas.<\/span><\/p>\t\t\t\t\t\t\t\t<\/div>\n\t\t\t\t<\/div>\n\t\t\t\t<div class=\"elementor-element elementor-element-7b6d45e3 elementor-widget elementor-widget-heading\" data-id=\"7b6d45e3\" data-element_type=\"widget\" data-e-type=\"widget\" data-widget_type=\"heading.default\">\n\t\t\t\t<div class=\"elementor-widget-container\">\n\t\t\t\t\t<h2 class=\"elementor-heading-title elementor-size-default\">Jautresni\u0173 vartotoj\u0173 interesai yra pakankamai saug\u016bs<\/h2>\t\t\t\t<\/div>\n\t\t\t\t<\/div>\n\t\t\t\t<div class=\"elementor-element elementor-element-4012f17 elementor-widget elementor-widget-text-editor\" data-id=\"4012f17\" data-element_type=\"widget\" data-e-type=\"widget\" data-widget_type=\"text-editor.default\">\n\t\t\t\t<div class=\"elementor-widget-container\">\n\t\t\t\t\t\t\t\t\t<p>\u0160alies vyriausybei jau beveik metus kar\u0161tligi\u0161kai ie\u0161kant sprendim\u0173, kaip su\u0161velninti galios apribojimo komerciniams saul\u0117s parkams problem\u0105, kaimynin\u0117se \u0161alyse spar\u010diai pl\u0117tojami saul\u0117s energijos paj\u0117gumai.<\/p><p><span style=\"color: var( --e-global-color-text ); text-align: var(--bs-body-text-align);\">Lietuvoje norint teisi\u0161kai apsaugoti jautresnius gaminan\u010dius vartotojus, ministerijos sprendime planuojama dal\u012f sumin\u0117s saul\u0117s j\u0117gaini\u0173 galios skirti b\u016btent jiems ir tokiu b\u016bdu apriboti stambi\u0173 projekt\u0173 pl\u0117tr\u0105. Tuo metu Estijoje, patys skirstomieji energijos ir perdavimo tinklai padengia dal\u012f i\u0161laid\u0173, \u012fsirengiant individuali\u0105 saul\u0117s elektrin\u0119, o gaminantis vartotojas turi padengti 20 proc. \u012frengimo sumos.<\/span><\/p><p><span style=\"color: var( --e-global-color-text ); text-align: var(--bs-body-text-align);\">\u201eEstijoje vyriausyb\u0117 skiria dal\u012f biud\u017eeto l\u0117\u0161\u0173 fiziniams asmenims, kurie nori \u012fsirengti iki 15 kilovat\u0173 galios saul\u0117s elektrin\u0119. Taip jie apsaugomi nuo papildom\u0173 prisijungimo prie skirstom\u0173j\u0173 tinkl\u0173 mokes\u010di\u0173, tod\u0117l retai kada pasikaito, kad fiziniai vartotojai negal\u0117t\u0173 padengti saul\u0117s elektrini\u0173 prijungimo ka\u0161t\u0173\u201c, \u2013 teigia Magno Kure, vienas i\u0161 \u201eSmartecon\u201c \u012fk\u016br\u0117j\u0173.<\/span><\/p>\t\t\t\t\t\t\t\t<\/div>\n\t\t\t\t<\/div>\n\t\t\t\t<div class=\"elementor-element elementor-element-ad9acce elementor-widget elementor-widget-heading\" data-id=\"ad9acce\" data-element_type=\"widget\" data-e-type=\"widget\" data-widget_type=\"heading.default\">\n\t\t\t\t<div class=\"elementor-widget-container\">\n\t\t\t\t\t<h2 class=\"elementor-heading-title elementor-size-default\">Siekia pa\u017eaboti spekuliuojan\u010dius dalyvius<\/h2>\t\t\t\t<\/div>\n\t\t\t\t<\/div>\n\t\t\t\t<div class=\"elementor-element elementor-element-78251363 elementor-widget elementor-widget-text-editor\" data-id=\"78251363\" data-element_type=\"widget\" data-e-type=\"widget\" data-widget_type=\"text-editor.default\">\n\t\t\t\t<div class=\"elementor-widget-container\">\n\t\t\t\t\t\t\t\t\t<p>Suinteresuotiems rinkos dalyviams ir vald\u017eiai vis dar nerandant abi puses tenkinan\u010dio problemos sprendimo, M. Kure pasakoja apie daugiau \u017ealos atsinaujinan\u010di\u0173 energijos \u0161altini\u0173 rinkai padaran\u010dias situacijas, su kuriomis jau susid\u016br\u0117 Estija. Pasak pa\u0161nekovo, tam tikri rinkos dalyviai gali spekuliuoti elektros tinkle rezervuojama galia.<\/p><p><span style=\"color: var( --e-global-color-text ); text-align: var(--bs-body-text-align);\">\u201eD\u0117l bandym\u0173 spekuliuoti, rezervuojant elektros tinklo gali\u0105 ken\u010dia daugeli\u0173 \u0161ali\u0173 rinkos dalyviai. Savo \u0161alyje matome tendencij\u0105, kad parai\u0161kas prijungti energijos kaupimo baterijas pateik\u0119 \u201epl\u0117totojai\u201c, tuo pa\u010diu metu ie\u0161ko galimybi\u0173 nupirkti ar i\u0161nuomoti aplinkinius sklypus, kuriuose b\u016bt\u0173 galima \u012frengti saul\u0117s ar v\u0117jo j\u0117gaines ir atitinkamai pakeisti prisijungimo prie tinkl\u0173 s\u0105lygas. V\u0117liau jie ie\u0161ko investuotoj\u0173, kuriems gal\u0117t\u0173 \u0161ias galimybes perleisti\u201c, \u2013 pasakoja M. Kure.<\/span><\/p><p><span style=\"color: var( --e-global-color-text ); text-align: var(--bs-body-text-align);\">Pa\u0161nekovas akcentuoja ir teigiamus momentus Lietuvoje \u2013 n\u0117ra leid\u017eiama kitam \u016bkio subjektui perleisti prisijungimo s\u0105lyg\u0173, tod\u0117l galimyb\u0117s spekuliuoti \u0161iais resursais yra apribotos. Papildomai po Valstybin\u0117s energetikos reguliavimo tarybos (VERT) atliktos tyrimo d\u0117l galimo piktnaud\u017eiavimo, Lietuvoje buvo atsiimta ar panaikinta apie 1 gigavat\u0105 galios siekian\u010dios parai\u0161kos prijungti saul\u0117s elektrines.<\/span><\/p><p><span style=\"color: var( --e-global-color-text ); text-align: var(--bs-body-text-align);\">M. Kure teigimu, Estijoje \u0161iai problemai jau yra pasi\u016blytas sprendimas: \u201eSiekiant pa\u017eaboti gali\u0105 rezervavusius, ta\u010diau saul\u0117s ar v\u0117jo park\u0173 ne\u012frengusius gamintojus, si\u016bloma jiems \u012fvesti metin\u012f prisijungimo prie tinkl\u0173 mokest\u012f, kurio nemokant prisijungimo sutartis b\u016bt\u0173 nutraukiama. \u0160\u012f si\u016blym\u0105 remia s\u0105\u017einingi rinkos dalyviai ir vald\u017eia, kuri delsia paskirstyti turimus laisvus tinklo resursus, kol nebus pa\u017eabota spekuliatyvi veikla.\u201c<\/span><\/p>\t\t\t\t\t\t\t\t<\/div>\n\t\t\t\t<\/div>\n\t\t\t\t<div class=\"elementor-element elementor-element-552317b elementor-widget elementor-widget-heading\" data-id=\"552317b\" data-element_type=\"widget\" data-e-type=\"widget\" data-widget_type=\"heading.default\">\n\t\t\t\t<div class=\"elementor-widget-container\">\n\t\t\t\t\t<h2 class=\"elementor-heading-title elementor-size-default\">Pl\u0117tr\u0105 riboja tik technin\u0117s galimyb\u0117s<\/h2>\t\t\t\t<\/div>\n\t\t\t\t<\/div>\n\t\t\t\t<div class=\"elementor-element elementor-element-0e3080c elementor-widget elementor-widget-text-editor\" data-id=\"0e3080c\" data-element_type=\"widget\" data-e-type=\"widget\" data-widget_type=\"text-editor.default\">\n\t\t\t\t<div class=\"elementor-widget-container\">\n\t\t\t\t\t\t\t\t\t<p>\u0160iuo metu ma\u017eiau nei 3 proc. visos Lietuvoje suvartojamos elektros energijos yra sugeneruojama veikiant priva\u010dioms saul\u0117s elektrin\u0117ms ar saul\u0117s parkams. Lyginant su Estija, kur \u0161is rodiklis vir\u0161ija 6 proc., Lietuvoje \u012fvesti saul\u0117s elektrini\u0173 pl\u0117tros ribojimai kelia didel\u012f susir\u016bpinim\u0105.<\/p><p><span style=\"color: var( --e-global-color-text ); text-align: var(--bs-body-text-align);\">Kure pa\u017eymi, kad dar spartesnei elektrini\u0173 pl\u0117trai Estijoje trukdo techniniai dalykai, pavyzd\u017eiui, labiau nutolusiose \u0161alies vietov\u0117se prisijungimas prie pardavimo tinkl\u0173 yra brangesnis.<\/span><\/p><p>\u201eSaul\u0117s elektrin\u0117s prijungimo ka\u0161tai itin i\u0161auga tose vietov\u0117se, kur elektros tinklo pralaidumas yra pasiek\u0119s maksimali\u0105 rib\u0105. Siekiant kurti naujas prijungimo galimybes, ie\u0161kome b\u016bd\u0173, kaip apjungti investuoti \u012f saul\u0117s energetik\u0105 pasiry\u017eusius fizinius ar juridinius asmenis s\u0105\u017einingam prijungimo ka\u0161t\u0173 pasidalinimui\u201c, \u2013 teigia M. Kure.<\/p><p>\u0160iuo metu Estijos perdavimo tinklo pl\u0117tros planuose svarstoma apie priemones, leisian\u010dias rinkos dalyviams investuoti \u012f tinklo infrastrukt\u016bra ir taip didinti potenciali\u0173 AEI \u0161altini\u0173 \u012ftraukim\u0105 \u012f bendr\u0105 elektros tinkl\u0105. Ekspertai Lietuvoje teigia, kad toks sprendimas atne\u0161t\u0173 naudos ir m\u016bs\u0173 \u0161aliai, ta\u010diau pirmiausia reikia pa\u0161alinti teisines saul\u0117s energetikos pl\u0117tr\u0105 stabdan\u010dias biurokratines kli\u016btis.<\/p>\t\t\t\t\t\t\t\t<\/div>\n\t\t\t\t<\/div>\n\t\t\t\t<div class=\"elementor-element elementor-element-df65bcc elementor-hidden-desktop elementor-hidden-tablet elementor-hidden-mobile elementor-widget elementor-widget-button\" data-id=\"df65bcc\" data-element_type=\"widget\" data-e-type=\"widget\" data-widget_type=\"button.default\">\n\t\t\t\t<div class=\"elementor-widget-container\">\n\t\t\t\t\t\t\t\t\t<div class=\"elementor-button-wrapper\">\n\t\t\t\t\t<a class=\"elementor-button elementor-button-link elementor-size-sm\" href=\"https:\/\/www.delfi.lt\/verslas\/energetika\/estu-smartecon-kuriasi-lietuvoje.d?id=92046559\">\n\t\t\t\t\t\t<span class=\"elementor-button-content-wrapper\">\n\t\t\t\t\t\t\t\t\t<span class=\"elementor-button-text\">Skaityti daugiau<\/span>\n\t\t\t\t\t<\/span>\n\t\t\t\t\t<\/a>\n\t\t\t\t<\/div>\n\t\t\t\t\t\t\t\t<\/div>\n\t\t\t\t<\/div>\n\t\t\t\t\t<\/div>\n\t\t<\/div>\n\t\t\t\t\t<\/div>\n\t\t<\/section>\n\t\t\t\t<\/div>\n\t\t","protected":false},"excerpt":{"rendered":"<p>Vingiuotas kelias Lietuvos energetin\u0117s nepriklausomyb\u0117s link: gamintoj\u0173, siekian\u010di\u0173 generuoti daugiau saul\u0117s energijos, galimybes var\u017eo \u012fstatymai. 2022 m. Lietuvoje veik\u0117 vir\u0161 500MW saul\u0117s energijos elektrini\u0173 kuriuos sugeneruoja iki 3 proc. \u0161alies elektros energijos poreikio. Nors jau artimiausiu metu \u0161i\u0105 rinkos dal\u012f galima dar daugiau i\u0161pl\u0117sti, energetikos ekspert\u0173 teigimu, atsinaujinan\u010di\u0173 energetikos \u0161altini\u0173 potencialas u\u017estringa ministerijos ir rinkos [&hellip;]<\/p>\n","protected":false},"author":116,"featured_media":8617,"comment_status":"open","ping_status":"open","sticky":false,"template":"","format":"standard","meta":{"_acf_changed":false,"footnotes":""},"categories":[38],"tags":[],"class_list":["post-9453","post","type-post","status-publish","format-standard","has-post-thumbnail","hentry","category-naujienos"],"acf":[],"_links":{"self":[{"href":"https:\/\/smartecon.com\/lt\/wp-json\/wp\/v2\/posts\/9453","targetHints":{"allow":["GET"]}}],"collection":[{"href":"https:\/\/smartecon.com\/lt\/wp-json\/wp\/v2\/posts"}],"about":[{"href":"https:\/\/smartecon.com\/lt\/wp-json\/wp\/v2\/types\/post"}],"author":[{"embeddable":true,"href":"https:\/\/smartecon.com\/lt\/wp-json\/wp\/v2\/users\/116"}],"replies":[{"embeddable":true,"href":"https:\/\/smartecon.com\/lt\/wp-json\/wp\/v2\/comments?post=9453"}],"version-history":[{"count":10,"href":"https:\/\/smartecon.com\/lt\/wp-json\/wp\/v2\/posts\/9453\/revisions"}],"predecessor-version":[{"id":9471,"href":"https:\/\/smartecon.com\/lt\/wp-json\/wp\/v2\/posts\/9453\/revisions\/9471"}],"wp:featuredmedia":[{"embeddable":true,"href":"https:\/\/smartecon.com\/lt\/wp-json\/wp\/v2\/media\/8617"}],"wp:attachment":[{"href":"https:\/\/smartecon.com\/lt\/wp-json\/wp\/v2\/media?parent=9453"}],"wp:term":[{"taxonomy":"category","embeddable":true,"href":"https:\/\/smartecon.com\/lt\/wp-json\/wp\/v2\/categories?post=9453"},{"taxonomy":"post_tag","embeddable":true,"href":"https:\/\/smartecon.com\/lt\/wp-json\/wp\/v2\/tags?post=9453"}],"curies":[{"name":"wp","href":"https:\/\/api.w.org\/{rel}","templated":true}]}}