{"id":11703,"date":"2023-08-17T14:08:16","date_gmt":"2023-08-17T11:08:16","guid":{"rendered":"https:\/\/smartecon.com\/?p=11703"},"modified":"2023-08-17T14:25:43","modified_gmt":"2023-08-17T11:25:43","slug":"smartecon-statys-viena-didziausiu-saules-elektriniu-parku-estijoje","status":"publish","type":"post","link":"https:\/\/smartecon.com\/lt\/smartecon-statys-viena-didziausiu-saules-elektriniu-parku-estijoje\/","title":{"rendered":"\u201eSmartecon\u201c statys vien\u0105 did\u017eiausi\u0173 saul\u0117s elektrini\u0173 park\u0173 Estijoje"},"content":{"rendered":"\t\t<div data-elementor-type=\"wp-post\" data-elementor-id=\"11703\" class=\"elementor elementor-11703\" data-elementor-post-type=\"post\">\n\t\t\t\t\t\t<section class=\"elementor-section elementor-top-section elementor-element elementor-element-bc26fe3 elementor-section-boxed elementor-section-height-default elementor-section-height-default\" data-id=\"bc26fe3\" data-element_type=\"section\" data-e-type=\"section\" data-settings=\"{&quot;jet_parallax_layout_list&quot;:[]}\">\n\t\t\t\t\t\t<div class=\"elementor-container elementor-column-gap-default\">\n\t\t\t\t\t<div class=\"elementor-column elementor-col-100 elementor-top-column elementor-element elementor-element-4e26d27\" data-id=\"4e26d27\" data-element_type=\"column\" data-e-type=\"column\">\n\t\t\t<div class=\"elementor-widget-wrap elementor-element-populated\">\n\t\t\t\t\t\t<div class=\"elementor-element elementor-element-1ff2e3d elementor-widget elementor-widget-heading\" data-id=\"1ff2e3d\" data-element_type=\"widget\" data-e-type=\"widget\" data-widget_type=\"heading.default\">\n\t\t\t\t<div class=\"elementor-widget-container\">\n\t\t\t\t\t<h2 class=\"elementor-heading-title elementor-size-default\">Estijoje ruo\u0161iamasi \u012frengti net 45 MW galios saul\u0117s elektrini\u0173 park\u0105. Tai vienas galingiausi\u0173 saul\u0117s elektrini\u0173 park\u0173 \u0161alyje, kur\u012f \u012frengs \u201eSmartecon\u201c pagal vystytojo \u201eSunly\u201c u\u017esakym\u0105.<\/h2>\t\t\t\t<\/div>\n\t\t\t\t<\/div>\n\t\t\t\t\t<\/div>\n\t\t<\/div>\n\t\t\t\t\t<\/div>\n\t\t<\/section>\n\t\t\t\t<section class=\"elementor-section elementor-top-section elementor-element elementor-element-e760216 elementor-section-boxed elementor-section-height-default elementor-section-height-default\" data-id=\"e760216\" data-element_type=\"section\" data-e-type=\"section\" data-settings=\"{&quot;jet_parallax_layout_list&quot;:[]}\">\n\t\t\t\t\t\t<div class=\"elementor-container elementor-column-gap-default\">\n\t\t\t\t\t<div class=\"elementor-column elementor-col-100 elementor-top-column elementor-element elementor-element-1c75c5c\" data-id=\"1c75c5c\" data-element_type=\"column\" data-e-type=\"column\">\n\t\t\t<div class=\"elementor-widget-wrap elementor-element-populated\">\n\t\t\t\t\t\t<div class=\"elementor-element elementor-element-3831f2b elementor-widget elementor-widget-text-editor\" data-id=\"3831f2b\" data-element_type=\"widget\" data-e-type=\"widget\" data-widget_type=\"text-editor.default\">\n\t\t\t\t<div class=\"elementor-widget-container\">\n\t\t\t\t\t\t\t\t\t<p><strong>Estijoje ruo\u0161iamasi \u012frengti net 45 MW galios saul\u0117s elektrini\u0173 park\u0105. Tai vienas galingiausi\u0173 saul\u0117s elektrini\u0173 park\u0173 \u0161alyje, kur\u012f \u012frengs \u201eSmartecon\u201c pagal vystytojo \u201eSunly\u201c u\u017esakym\u0105.<\/strong><\/p>\n<p>\u0160iuo metu pasira\u0161yta rangos darb\u0173 sutartis, saul\u0117s elektrini\u0173 parkui \u201eRaba\u201c pietvakari\u0173 Estijoje \u012frengti. Kaip pa\u017eymi park\u0105 \u012frengsian\u010dios \u012fmon\u0117s \u201eSmartecon\u201c \u012fk\u016br\u0117jas ir vadovas Magno Kure, tai bus ne tik vienas did\u017eiausi\u0173 toki\u0173 park\u0173 Estijoje, bet pana\u0161aus dyd\u017eio atitikmen\u0173 n\u0117ra daug ir kitose Baltijos \u0161alyse ar net Europoje.<\/p>\n<p>\u201eTai vienas did\u017eiausi\u0173 saul\u0117s elektrini\u0173 park\u0173 Baltijos \u0161alyse ir sud\u0117tinga b\u016bt\u0173 rasti daug toki\u0173 atitikmen\u0173 Europoje. Tod\u0117l tai nema\u017eas i\u0161\u0161\u016bkis tiek mums, kaip tarptautiniam rangovui, tiek u\u017esakovui. Bet vienareik\u0161mi\u0161kai, tokios j\u0117gain\u0117s \u012frengimas regione reik\u0161mingai prisid\u0117s prie atsinaujinan\u010di\u0173 energijos \u0161altini\u0173 pl\u0117tros\u201d, \u2013 sako M. Kure.<\/p>\n<p><strong>Patikimas tarptautinis rangovas<\/strong><\/p>\n<p>Pasak \u201eSmartecon\u201c \u012fk\u016br\u0117jo ir vadovo, \u0161is u\u017esakymas \u012fmonei atveria naujas galimybes. Saul\u0117s elektrini\u0173 park\u0105 \u201eRaba\u201c pl\u0117tojanti \u201eSunly\u201c yra stiprus rinkos \u017eaid\u0117jas, tod\u0117l rangovo pasirinkimas parodo abipus\u012f pasitik\u0117jim\u0105. Nedidel\u0117s \u0161alies kaip Estija rinka yra ma\u017ea ir kiekvienas rinkos dalyvis \u017eino vienas kit\u0105, tod\u0117l reputacija ir patikimumas tampa svarbiais faktoriais pasira\u0161ant sutartis.<\/p>\n<p>\u201eNe k\u0105 ma\u017eiau svarbu m\u016bs\u0173 pa\u010di\u0173 galimyb\u0117s ne tik \u012frengti infrastrukt\u016br\u0105, bet ir saugiai j\u0105 testuoti bei prijungti j\u0117gain\u0119 prie bendro tinklo, kas atsi\u017evelgiant \u012f tokias galios apimtis n\u0117ra taip paprasta. \u0160i sutartis \u012frodo, kad esame patikimas tarptautinis esti\u0161ko kapitalo rangovas, i\u0161manantis Baltijos \u0161ali\u0173 elektros tinklo specifik\u0105\u201c, \u2013 teigia M. Kure.<\/p>\n<p>Parko \u012frengimo darbai prasid\u0117s \u0161i\u0173 met\u0173 rugpj\u016bt\u012f ir tikimasi visk\u0105 u\u017ebaigti 2024 m. antrajame ketvirtyje. Nustatant galutin\u012f darb\u0173 termin\u0105, atsi\u017evelgta ir \u012f nepalankias oro s\u0105lygas \u017eiem\u0105, kurios gali trumpam pristabdyti darbus.<\/p>\n<p><strong>Apie \u201eSmartecon\u201c:<\/strong><\/p>\n<p>\u201eSmartecon\u201c turi de\u0161imt met\u0173 patirt\u012f saul\u0117s energetikos srityje. Per \u0161\u012f laik\u0105 \u012fmon\u0117 suprojektavo ir \u012freng\u0117 daugiau nei 1 t\u016bkstant\u012f saul\u0117s j\u0117gaini\u0173 penkiose \u0161alyse u\u017e daugiau nei 50 mln. eur\u0173. \u0160iuo metu \u012fmon\u0117 vykdo projektus Baltijos \u0161alyse ir Skandinavijoje: stato 130 MW saul\u0117s elektrini\u0173 park\u0173, dar 224 MW saul\u0117s elektrini\u0173 park\u0173 yra vystymo etape.<\/p>\n<p><strong>Apie \u201eSunly AS\u201c:<\/strong><\/p>\n<p>\u201eSunly AS\u201c yra nepriklausomas energijos gamintojas, saul\u0117s elektrini\u0173 park\u0173, v\u0117jo energetikos sausumoje ir j\u016broje vystytojas. \u012emon\u0117s portfelyje yra 130 MW j\u0117gaini\u0173 galia, dar statoma 169 MW, \u0161iais metais suplanuota 1 000 MW statyba, investuota \u012f 16 startuoli\u0173. \u012emon\u0117s komanda pl\u0117toja projektus, kurie skatina u\u017etikrinti \u0161vari\u0105 energetin\u0119 ateit\u012f ir energetin\u0119 nepriklausomyb\u0119, atsinaujinan\u010di\u0173 energijos \u0161altini\u0173 gamyb\u0105 Baltijos \u0161alyse ir Lenkijoje.<\/p>\t\t\t\t\t\t\t\t<\/div>\n\t\t\t\t<\/div>\n\t\t\t\t\t<\/div>\n\t\t<\/div>\n\t\t\t\t\t<\/div>\n\t\t<\/section>\n\t\t\t\t<\/div>\n\t\t","protected":false},"excerpt":{"rendered":"<p>Estijoje ruo\u0161iamasi \u012frengti net 45 MW galios saul\u0117s elektrini\u0173 park\u0105. Tai vienas galingiausi\u0173 saul\u0117s elektrini\u0173 park\u0173 \u0161alyje, kur\u012f \u012frengs \u201eSmartecon\u201c pagal vystytojo \u201eSunly\u201c u\u017esakym\u0105. Estijoje ruo\u0161iamasi \u012frengti net 45 MW galios saul\u0117s elektrini\u0173 park\u0105. Tai vienas galingiausi\u0173 saul\u0117s elektrini\u0173 park\u0173 \u0161alyje, kur\u012f \u012frengs \u201eSmartecon\u201c pagal vystytojo \u201eSunly\u201c u\u017esakym\u0105. \u0160iuo metu pasira\u0161yta rangos darb\u0173 sutartis, saul\u0117s [&hellip;]<\/p>\n","protected":false},"author":116,"featured_media":11690,"comment_status":"closed","ping_status":"open","sticky":false,"template":"","format":"standard","meta":{"_acf_changed":false,"footnotes":""},"categories":[38],"tags":[],"class_list":["post-11703","post","type-post","status-publish","format-standard","has-post-thumbnail","hentry","category-naujienos"],"acf":[],"_links":{"self":[{"href":"https:\/\/smartecon.com\/lt\/wp-json\/wp\/v2\/posts\/11703","targetHints":{"allow":["GET"]}}],"collection":[{"href":"https:\/\/smartecon.com\/lt\/wp-json\/wp\/v2\/posts"}],"about":[{"href":"https:\/\/smartecon.com\/lt\/wp-json\/wp\/v2\/types\/post"}],"author":[{"embeddable":true,"href":"https:\/\/smartecon.com\/lt\/wp-json\/wp\/v2\/users\/116"}],"replies":[{"embeddable":true,"href":"https:\/\/smartecon.com\/lt\/wp-json\/wp\/v2\/comments?post=11703"}],"version-history":[{"count":7,"href":"https:\/\/smartecon.com\/lt\/wp-json\/wp\/v2\/posts\/11703\/revisions"}],"predecessor-version":[{"id":11712,"href":"https:\/\/smartecon.com\/lt\/wp-json\/wp\/v2\/posts\/11703\/revisions\/11712"}],"wp:featuredmedia":[{"embeddable":true,"href":"https:\/\/smartecon.com\/lt\/wp-json\/wp\/v2\/media\/11690"}],"wp:attachment":[{"href":"https:\/\/smartecon.com\/lt\/wp-json\/wp\/v2\/media?parent=11703"}],"wp:term":[{"taxonomy":"category","embeddable":true,"href":"https:\/\/smartecon.com\/lt\/wp-json\/wp\/v2\/categories?post=11703"},{"taxonomy":"post_tag","embeddable":true,"href":"https:\/\/smartecon.com\/lt\/wp-json\/wp\/v2\/tags?post=11703"}],"curies":[{"name":"wp","href":"https:\/\/api.w.org\/{rel}","templated":true}]}}