{"id":11390,"date":"2023-08-02T15:49:08","date_gmt":"2023-08-02T12:49:08","guid":{"rendered":"https:\/\/smartecon.com\/?p=11390"},"modified":"2023-08-02T15:51:30","modified_gmt":"2023-08-02T12:51:30","slug":"smartecon-patirtis-saules-elektriniu-parkus-pletoja-tarptautineje-rinkoje","status":"publish","type":"post","link":"https:\/\/smartecon.com\/lt\/smartecon-patirtis-saules-elektriniu-parkus-pletoja-tarptautineje-rinkoje\/","title":{"rendered":"\u201eSmartecon\u201c patirtis \u2013 saul\u0117s elektrini\u0173 parkus pl\u0117toja tarptautin\u0117je rinkoje"},"content":{"rendered":"\t\t<div data-elementor-type=\"wp-post\" data-elementor-id=\"11390\" class=\"elementor elementor-11390 elementor-11326\" data-elementor-post-type=\"post\">\n\t\t\t\t\t\t<section class=\"elementor-section elementor-top-section elementor-element elementor-element-9b7747d elementor-section-boxed elementor-section-height-default elementor-section-height-default\" data-id=\"9b7747d\" data-element_type=\"section\" data-e-type=\"section\" data-settings=\"{&quot;jet_parallax_layout_list&quot;:[]}\">\n\t\t\t\t\t\t<div class=\"elementor-container elementor-column-gap-default\">\n\t\t\t\t\t<div class=\"elementor-column elementor-col-100 elementor-top-column elementor-element elementor-element-f9a0474\" data-id=\"f9a0474\" data-element_type=\"column\" data-e-type=\"column\">\n\t\t\t<div class=\"elementor-widget-wrap elementor-element-populated\">\n\t\t\t\t\t\t<div class=\"elementor-element elementor-element-f3db2b2 elementor-widget elementor-widget-heading\" data-id=\"f3db2b2\" data-element_type=\"widget\" data-e-type=\"widget\" data-widget_type=\"heading.default\">\n\t\t\t\t<div class=\"elementor-widget-container\">\n\t\t\t\t\t<h2 class=\"elementor-heading-title elementor-size-default\">Saul\u0117s elektrini\u0173 park\u0173 pl\u0117tros potencialas Baltijos \u0161alyse \u2013 didelis, ta\u010diau jis vis dar nepakankamai i\u0161naudojamas. <\/h2>\t\t\t\t<\/div>\n\t\t\t\t<\/div>\n\t\t\t\t\t<\/div>\n\t\t<\/div>\n\t\t\t\t\t<\/div>\n\t\t<\/section>\n\t\t\t\t<section class=\"elementor-section elementor-top-section elementor-element elementor-element-32a3708 elementor-section-boxed elementor-section-height-default elementor-section-height-default\" data-id=\"32a3708\" data-element_type=\"section\" data-e-type=\"section\" data-settings=\"{&quot;jet_parallax_layout_list&quot;:[]}\">\n\t\t\t\t\t\t<div class=\"elementor-container elementor-column-gap-default\">\n\t\t\t\t\t<div class=\"elementor-column elementor-col-100 elementor-top-column elementor-element elementor-element-21a4952\" data-id=\"21a4952\" data-element_type=\"column\" data-e-type=\"column\">\n\t\t\t<div class=\"elementor-widget-wrap elementor-element-populated\">\n\t\t\t\t\t\t<div class=\"elementor-element elementor-element-f6166bc elementor-widget elementor-widget-text-editor\" data-id=\"f6166bc\" data-element_type=\"widget\" data-e-type=\"widget\" data-widget_type=\"text-editor.default\">\n\t\t\t\t<div class=\"elementor-widget-container\">\n\t\t\t\t\t\t\t\t\t<p>Pasak ilgamet\u0119 patirt\u012f atsinaujinan\u010dios energetikos srityje turin\u010dios \u012fmon\u0117s \u201eSmartecon\u201c vadovo Magno Kure, viena i\u0161 pagrindini\u0173 prie\u017eas\u010di\u0173 \u2013 reikiam\u0173 paj\u0117gum\u0173 tr\u016bkumas rinkoje.<\/p><p>Pasikeitusi geopolitin\u0117 situacija ir Europos \u017daliasis kursas \u2013 planas iki 2050 m. pasiekti, kad ES tapt\u0173 klimatui neutrali, ver\u010dia valstybes ie\u0161koti b\u016bd\u0173, kuo pakeisti i\u0161kastin\u012f kur\u0105 bei kaip u\u017etikrinti energetin\u0119 nepriklausomyb\u0119. Vienas i\u0161 sprendimo b\u016bd\u0173 \u2013 saul\u0117s elektrini\u0173 i\u0161gaunama elektros energija.<\/p><p>Nors Lietuvos, Latvijos ir Estijos elektros energijos vartotojai vis daugiau investuoja \u012f saul\u0117s elektrines, \u012frengia jas savo teritorijose (tiek ant \u017eem\u0117s, tiek ant pastat\u0173 stog\u0173) arba perka energij\u0105 i\u0161 nutolusi\u0173 elektrini\u0173, ta\u010diau dideli\u0173 saul\u0117s elektrini\u0173 park\u0173 pl\u0117tra Baltijos \u0161alyse vis dar susiduria su i\u0161\u0161\u016bkiais.<\/p><p>Saul\u0117s elektrini\u0173 parkai \u2013 specifin\u0117 technologija, kuri vis dar yra tobulinama ir pl\u0117tojama. M. Kure teigimu, Baltijos \u0161ali\u0173 rinkoje labai tr\u016bksta specializuot\u0173 projekt\u0173 valdytoj\u0173, sugeban\u010di\u0173 prisitaikyti prie skirting\u0173 \u0161ali\u0173 reikalavim\u0173, turin\u010di\u0173 reikiam\u0173 \u017eini\u0173, patirties ir profesionali\u0105 komand\u0105, kuri gal\u0117t\u0173 ne tik suvaldyti tokio masto tarptautinius projektus, bet ir u\u017etikrint\u0173 skland\u0173 darb\u0173 \u012fgyvendinim\u0105 bei jau \u012frengto parko prie\u017ei\u016br\u0105.<\/p><p>\u201eJau daugiau nei 10 met\u0173 mes kryptingai dirbame \u0161ia linkme \u2013 r\u016bpinam\u0117s saul\u0117s elektrini\u0173 park\u0173 \u012frengimu ir prie\u017ei\u016bra. Savo ankstesniais darbais \u012frod\u0117me savo galimybes, turime auk\u0161tos kvalifikacijos projektuotoj\u0173, in\u017einieri\u0173 ir projekt\u0173 vadov\u0173 komand\u0105\u201c, \u2013 sako Magno Kure, \u201eSmartecon\u201c vadovas.<\/p><p>Pasak \u012fmon\u0117s \u012fk\u016br\u0117jo ir vadovo, patirtis susikaup\u0117 nuolat auginant projekt\u0173 apimtis. Prie\u0161 de\u0161imt met\u0173 \u201eSmartecon\u201c startavo kaip nedidel\u0117 Estijos bendrov\u0117, o \u0161iuo metu \u012fmon\u0117 vykdo projektus Baltijos \u0161alyse ir Skandinavijoje: stato 130 MW saul\u0117s elektrini\u0173 park\u0173, dar 224 MW saul\u0117s elektrini\u0173 park\u0173 yra vystymo etape.<\/p>\t\t\t\t\t\t\t\t<\/div>\n\t\t\t\t<\/div>\n\t\t\t\t\t<\/div>\n\t\t<\/div>\n\t\t\t\t\t<\/div>\n\t\t<\/section>\n\t\t\t\t<section class=\"elementor-section elementor-top-section elementor-element elementor-element-a567434 elementor-section-boxed elementor-section-height-default elementor-section-height-default\" data-id=\"a567434\" data-element_type=\"section\" data-e-type=\"section\" data-settings=\"{&quot;jet_parallax_layout_list&quot;:[]}\">\n\t\t\t\t\t\t<div class=\"elementor-container elementor-column-gap-default\">\n\t\t\t\t\t<div class=\"elementor-column elementor-col-100 elementor-top-column elementor-element elementor-element-e363676\" data-id=\"e363676\" data-element_type=\"column\" data-e-type=\"column\">\n\t\t\t<div class=\"elementor-widget-wrap elementor-element-populated\">\n\t\t\t\t\t\t<div class=\"elementor-element elementor-element-3c31caf elementor-widget elementor-widget-heading\" data-id=\"3c31caf\" data-element_type=\"widget\" data-e-type=\"widget\" data-widget_type=\"heading.default\">\n\t\t\t\t<div class=\"elementor-widget-container\">\n\t\t\t\t\t<h2 class=\"elementor-heading-title elementor-size-default\">Pl\u0117trai trukdo paj\u0117gum\u0173 tr\u016bkumas<\/h2>\t\t\t\t<\/div>\n\t\t\t\t<\/div>\n\t\t\t\t\t<\/div>\n\t\t<\/div>\n\t\t\t\t\t<\/div>\n\t\t<\/section>\n\t\t\t\t<section class=\"elementor-section elementor-top-section elementor-element elementor-element-2352edf elementor-section-boxed elementor-section-height-default elementor-section-height-default\" data-id=\"2352edf\" data-element_type=\"section\" data-e-type=\"section\" data-settings=\"{&quot;jet_parallax_layout_list&quot;:[]}\">\n\t\t\t\t\t\t<div class=\"elementor-container elementor-column-gap-default\">\n\t\t\t\t\t<div class=\"elementor-column elementor-col-100 elementor-top-column elementor-element elementor-element-290fba6\" data-id=\"290fba6\" data-element_type=\"column\" data-e-type=\"column\">\n\t\t\t<div class=\"elementor-widget-wrap elementor-element-populated\">\n\t\t\t\t\t\t<div class=\"elementor-element elementor-element-8c0b942 elementor-widget elementor-widget-text-editor\" data-id=\"8c0b942\" data-element_type=\"widget\" data-e-type=\"widget\" data-widget_type=\"text-editor.default\">\n\t\t\t\t<div class=\"elementor-widget-container\">\n\t\t\t\t\t\t\t\t\t<p>Nors atsinaujinan\u010dios energetikos poreikis auga, saul\u0117s elektrini\u0173 park\u0173 pl\u0117tra n\u0117ra pakankamai sparti. Tokia situacija susiklost\u0117 d\u0117l i\u0161\u0161\u016bki\u0173, su kuriais susiduria vystytojai.<\/p><p>Vis\u0173 pirma, tarptautin\u0117je rinkoje tr\u016bksta \u0161ios srities projekt\u0173 valdymo kompanij\u0173 ir specialist\u0173, kurie gal\u0117t\u0173 u\u017etikrinti skland\u0173 projekt\u0173 parengim\u0105, valdym\u0105 ir \u012fgyvendinim\u0105. Yra nema\u017eai \u012fmoni\u0173, kurios gali pasir\u016bpinti vienu i\u0161 \u0161i\u0173 etap\u0173, ta\u010diau stokoja patirties ir profesionali\u0173 in\u017einieri\u0173 ar projektuotoj\u0173.<\/p><p>Kitas i\u0161\u0161\u016bkis \u2013 prijungimo prie perdavimo tinkl\u0173 specifika. \u012erengti saul\u0117s elektrini\u0173 park\u0105 yra viena i\u0161 sudedam\u0173j\u0173 darb\u0173 dalis. Kitas u\u017edavinys \u2013 elektrin\u0119 saugiai prijungti prie perdavimo tinkl\u0173, o \u010dia da\u017enai susiduriama su tam tikrais i\u0161\u0161\u016bkiais. \u012evairios \u0161alys turi skirtingus reikalavimus, teis\u0117s aktus ir proced\u016bras, tod\u0117l labai ma\u017eai rangov\u0173 gali skland\u017eiai \u012fgyvendinti \u0161ias u\u017eduotis.<\/p><p>Pasak M. Kure yra ir tre\u010dias i\u0161\u0161\u016bkis \u2013 labai tr\u016bksta \u012fmoni\u0173, kurios gal\u0117t\u0173 u\u017etikrinti turto valdymo paslaug\u0105. Vien tik \u012frengti saul\u0117s elektrin\u0117s park\u0105 neu\u017etenka. Tam, kad jis b\u016bt\u0173 ilgaam\u017eis, reikia u\u017etikrinti nuosekli\u0105 prie\u017ei\u016br\u0105, ta\u010diau nema\u017ea dalis rangov\u0173 tokios paslaugos negali suteikti.<\/p>\t\t\t\t\t\t\t\t<\/div>\n\t\t\t\t<\/div>\n\t\t\t\t\t<\/div>\n\t\t<\/div>\n\t\t\t\t\t<\/div>\n\t\t<\/section>\n\t\t\t\t<section class=\"elementor-section elementor-top-section elementor-element elementor-element-674e6ee elementor-section-boxed elementor-section-height-default elementor-section-height-default\" data-id=\"674e6ee\" data-element_type=\"section\" data-e-type=\"section\" data-settings=\"{&quot;jet_parallax_layout_list&quot;:[]}\">\n\t\t\t\t\t\t<div class=\"elementor-container elementor-column-gap-default\">\n\t\t\t\t\t<div class=\"elementor-column elementor-col-100 elementor-top-column elementor-element elementor-element-8d72e2e\" data-id=\"8d72e2e\" data-element_type=\"column\" data-e-type=\"column\">\n\t\t\t<div class=\"elementor-widget-wrap elementor-element-populated\">\n\t\t\t\t\t\t<div class=\"elementor-element elementor-element-0f5c29c elementor-widget elementor-widget-heading\" data-id=\"0f5c29c\" data-element_type=\"widget\" data-e-type=\"widget\" data-widget_type=\"heading.default\">\n\t\t\t\t<div class=\"elementor-widget-container\">\n\t\t\t\t\t<h2 class=\"elementor-heading-title elementor-size-default\">Nauda investuotojams ir pl\u0117totojams<\/h2>\t\t\t\t<\/div>\n\t\t\t\t<\/div>\n\t\t\t\t\t<\/div>\n\t\t<\/div>\n\t\t\t\t\t<\/div>\n\t\t<\/section>\n\t\t\t\t<section class=\"elementor-section elementor-top-section elementor-element elementor-element-cdb7dfa elementor-section-boxed elementor-section-height-default elementor-section-height-default\" data-id=\"cdb7dfa\" data-element_type=\"section\" data-e-type=\"section\" data-settings=\"{&quot;jet_parallax_layout_list&quot;:[]}\">\n\t\t\t\t\t\t<div class=\"elementor-container elementor-column-gap-default\">\n\t\t\t\t\t<div class=\"elementor-column elementor-col-100 elementor-top-column elementor-element elementor-element-9f82b68\" data-id=\"9f82b68\" data-element_type=\"column\" data-e-type=\"column\">\n\t\t\t<div class=\"elementor-widget-wrap elementor-element-populated\">\n\t\t\t\t\t\t<div class=\"elementor-element elementor-element-ab356ff elementor-widget elementor-widget-text-editor\" data-id=\"ab356ff\" data-element_type=\"widget\" data-e-type=\"widget\" data-widget_type=\"text-editor.default\">\n\t\t\t\t<div class=\"elementor-widget-container\">\n\t\t\t\t\t\t\t\t\t<p>Per de\u0161imt veiklos met\u0173 \u201eSmartecon\u201c \u012fgyvendino daugiau nei 1000 projekt\u0173 \u012fvairiose \u0161alyse, projekt\u0173 bendra vert\u0117 siekia per 50 mln. eur\u0173, \u012frengta 80 MW saul\u0117s elektrini\u0173.<\/p><p>\u012emon\u0117 savo veikl\u0105 \u0161ioje srityje Estijoje prad\u0117jo viena pirm\u0173j\u0173, aktyviai dalyvavo saul\u0117s elektrini\u0173 pl\u0117troje, pad\u0117jo kurti standartus, prisid\u0117jo prie asociacijos steigimo. Tai dav\u0117 rezultat\u0173 \u2013 Estija tapo viena i\u0161 lyderiaujan\u010di\u0173 rink\u0173 saul\u0117s elektr\u0105 naudojan\u010di\u0173 valstybi\u0173.<\/p><p>Pasak M. Kure, \u012fmon\u0117je dirbanti auk\u0161tos kvalifikacijos profesional\u0173 komanda yra sukaupusi didel\u0117s apimties projekt\u0173 valdymo patirt\u012f ir saul\u0117s elektrini\u0173 park\u0173 projektavimo \u017einias, sutelkusi d\u0117mes\u012f \u012f efektyvi\u0173 sprendim\u0173 paie\u0161k\u0105 ir radim\u0105.<\/p><p>\u201eM\u016bs\u0173 komanda i\u0161mano ne tik Baltijos \u0161ali\u0173 prisijungimo prie linijos reikalavimus, ta\u010diau turime patirties ir partneri\u0173 kitose Europos \u0161alyse, tod\u0117l galime pasi\u016blyti efektyvius sprendimus \u012fgyvendinant didel\u0117s apimties tarptautinius projektus tiek pat kokybi\u0161kai, kiek ir lokali\u0173 projekt\u0173 \u012fgyvendinim\u0105 bei prie\u017ei\u016br\u0105\u201c, \u2013 pabr\u0117\u017eia M. Kure.<\/p><p>I\u0161 120 valstybi\u0173 pagal energijos perdavimo indeks\u0105, Estija yra de\u0161imtoje pozicijoje (Latvija 26, Lietuva 36). Tai rodo, kad \u201eSmartecon\u201c turi patirt\u012f ir reikalingas \u017einias pa\u017eangioje Estijos rinkoje.<\/p>\t\t\t\t\t\t\t\t<\/div>\n\t\t\t\t<\/div>\n\t\t\t\t\t<\/div>\n\t\t<\/div>\n\t\t\t\t\t<\/div>\n\t\t<\/section>\n\t\t\t\t<section class=\"elementor-section elementor-top-section elementor-element elementor-element-217205d elementor-section-boxed elementor-section-height-default elementor-section-height-default\" data-id=\"217205d\" data-element_type=\"section\" data-e-type=\"section\" data-settings=\"{&quot;jet_parallax_layout_list&quot;:[]}\">\n\t\t\t\t\t\t<div class=\"elementor-container elementor-column-gap-default\">\n\t\t\t\t\t<div class=\"elementor-column elementor-col-100 elementor-top-column elementor-element elementor-element-d6e7d83\" data-id=\"d6e7d83\" data-element_type=\"column\" data-e-type=\"column\">\n\t\t\t<div class=\"elementor-widget-wrap elementor-element-populated\">\n\t\t\t\t\t\t<div class=\"elementor-element elementor-element-635f812 elementor-widget elementor-widget-heading\" data-id=\"635f812\" data-element_type=\"widget\" data-e-type=\"widget\" data-widget_type=\"heading.default\">\n\t\t\t\t<div class=\"elementor-widget-container\">\n\t\t\t\t\t<h2 class=\"elementor-heading-title elementor-size-default\">Ateitis \u2013 saul\u0117s elektrini\u0173 pl\u0117tra<\/h2>\t\t\t\t<\/div>\n\t\t\t\t<\/div>\n\t\t\t\t\t<\/div>\n\t\t<\/div>\n\t\t\t\t\t<\/div>\n\t\t<\/section>\n\t\t\t\t<section class=\"elementor-section elementor-top-section elementor-element elementor-element-7f7be88 elementor-section-boxed elementor-section-height-default elementor-section-height-default\" data-id=\"7f7be88\" data-element_type=\"section\" data-e-type=\"section\" data-settings=\"{&quot;jet_parallax_layout_list&quot;:[]}\">\n\t\t\t\t\t\t<div class=\"elementor-container elementor-column-gap-default\">\n\t\t\t\t\t<div class=\"elementor-column elementor-col-100 elementor-top-column elementor-element elementor-element-758986c\" data-id=\"758986c\" data-element_type=\"column\" data-e-type=\"column\">\n\t\t\t<div class=\"elementor-widget-wrap elementor-element-populated\">\n\t\t\t\t\t\t<div class=\"elementor-element elementor-element-4578ca9 elementor-widget elementor-widget-text-editor\" data-id=\"4578ca9\" data-element_type=\"widget\" data-e-type=\"widget\" data-widget_type=\"text-editor.default\">\n\t\t\t\t<div class=\"elementor-widget-container\">\n\t\t\t\t\t\t\t\t\t<p>Baltijos \u0161alys vykdo atsinaujinan\u010di\u0173 energijos \u0161altini\u0173 pl\u0117tr\u0105, kreipia i\u0161teklius \u012f saul\u0117s energetik\u0105, vieningo tarpvalstybinio tinklo \u012frengim\u0105.<\/p><p>\u201eValstyb\u0117s pa\u010dios yra atsakingos u\u017e elektros tinkl\u0173 pl\u0117tr\u0105, jos turi pasir\u016bpinti linij\u0173 paruo\u0161imu ir pritaikymu siekiant atlaikyti didel\u0117s galios saul\u0117s elektrini\u0173 paj\u0117gumus. Saul\u0117s energetikos poreikis ateityje dar labiau i\u0161augs, kadangi Europos S\u0105jungos valstyb\u0117s yra \u012fsipareigojusios ma\u017einti i\u0161metam\u0105 ter\u0161al\u0173 kiek\u012f. Saul\u0117s elektrin\u0117s gali tarnauti ma\u017eiausiai 30 met\u0173, tod\u0117l pasir\u016bpinus toki\u0173 park\u0173 pl\u0117tra dabar ir u\u017etikrinus j\u0173 prie\u017ei\u016br\u0105, energijos gamyb\u0105 bus galima vykdyti ilgus metus\u201c, \u2013 teigia M. Kure.<\/p>\t\t\t\t\t\t\t\t<\/div>\n\t\t\t\t<\/div>\n\t\t\t\t\t<\/div>\n\t\t<\/div>\n\t\t\t\t\t<\/div>\n\t\t<\/section>\n\t\t\t\t<\/div>\n\t\t","protected":false},"excerpt":{"rendered":"<p>Saul\u0117s elektrini\u0173 park\u0173 pl\u0117tros potencialas Baltijos \u0161alyse \u2013 didelis, ta\u010diau jis vis dar nepakankamai i\u0161naudojamas. Pasak ilgamet\u0119 patirt\u012f atsinaujinan\u010dios energetikos srityje turin\u010dios \u012fmon\u0117s \u201eSmartecon\u201c vadovo Magno Kure, viena i\u0161 pagrindini\u0173 prie\u017eas\u010di\u0173 \u2013 reikiam\u0173 paj\u0117gum\u0173 tr\u016bkumas rinkoje. Pasikeitusi geopolitin\u0117 situacija ir Europos \u017daliasis kursas \u2013 planas iki 2050 m. pasiekti, kad ES tapt\u0173 klimatui neutrali, ver\u010dia [&hellip;]<\/p>\n","protected":false},"author":116,"featured_media":11180,"comment_status":"closed","ping_status":"open","sticky":false,"template":"","format":"standard","meta":{"_acf_changed":false,"footnotes":""},"categories":[38],"tags":[],"class_list":["post-11390","post","type-post","status-publish","format-standard","has-post-thumbnail","hentry","category-naujienos"],"acf":[],"_links":{"self":[{"href":"https:\/\/smartecon.com\/lt\/wp-json\/wp\/v2\/posts\/11390","targetHints":{"allow":["GET"]}}],"collection":[{"href":"https:\/\/smartecon.com\/lt\/wp-json\/wp\/v2\/posts"}],"about":[{"href":"https:\/\/smartecon.com\/lt\/wp-json\/wp\/v2\/types\/post"}],"author":[{"embeddable":true,"href":"https:\/\/smartecon.com\/lt\/wp-json\/wp\/v2\/users\/116"}],"replies":[{"embeddable":true,"href":"https:\/\/smartecon.com\/lt\/wp-json\/wp\/v2\/comments?post=11390"}],"version-history":[{"count":4,"href":"https:\/\/smartecon.com\/lt\/wp-json\/wp\/v2\/posts\/11390\/revisions"}],"predecessor-version":[{"id":11394,"href":"https:\/\/smartecon.com\/lt\/wp-json\/wp\/v2\/posts\/11390\/revisions\/11394"}],"wp:featuredmedia":[{"embeddable":true,"href":"https:\/\/smartecon.com\/lt\/wp-json\/wp\/v2\/media\/11180"}],"wp:attachment":[{"href":"https:\/\/smartecon.com\/lt\/wp-json\/wp\/v2\/media?parent=11390"}],"wp:term":[{"taxonomy":"category","embeddable":true,"href":"https:\/\/smartecon.com\/lt\/wp-json\/wp\/v2\/categories?post=11390"},{"taxonomy":"post_tag","embeddable":true,"href":"https:\/\/smartecon.com\/lt\/wp-json\/wp\/v2\/tags?post=11390"}],"curies":[{"name":"wp","href":"https:\/\/api.w.org\/{rel}","templated":true}]}}