{"id":9396,"date":"2023-01-23T12:58:06","date_gmt":"2023-01-23T10:58:06","guid":{"rendered":"https:\/\/smartecon.ee\/?p=9396"},"modified":"2023-05-08T17:11:19","modified_gmt":"2023-05-08T14:11:19","slug":"eesti-energeetikaettevote-smartecon-laieneb-leedu-turule","status":"publish","type":"post","link":"https:\/\/smartecon.com\/et\/eesti-energeetikaettevote-smartecon-laieneb-leedu-turule\/","title":{"rendered":"Eesti energeetikaettev\u00f5te Smartecon laieneb Leedu turule"},"content":{"rendered":"\t\t<div data-elementor-type=\"wp-post\" data-elementor-id=\"9396\" class=\"elementor elementor-9396\" data-elementor-post-type=\"post\">\n\t\t\t\t\t\t<section class=\"elementor-section elementor-top-section elementor-element elementor-element-2c74287 elementor-section-boxed elementor-section-height-default elementor-section-height-default\" data-id=\"2c74287\" data-element_type=\"section\" data-e-type=\"section\" data-settings=\"{&quot;jet_parallax_layout_list&quot;:[]}\">\n\t\t\t\t\t\t<div class=\"elementor-container elementor-column-gap-default\">\n\t\t\t\t\t<div class=\"elementor-column elementor-col-100 elementor-top-column elementor-element elementor-element-241af1a\" data-id=\"241af1a\" data-element_type=\"column\" data-e-type=\"column\">\n\t\t\t<div class=\"elementor-widget-wrap elementor-element-populated\">\n\t\t\t\t\t\t<div class=\"elementor-element elementor-element-bfb0111 elementor-widget elementor-widget-heading\" data-id=\"bfb0111\" data-element_type=\"widget\" data-e-type=\"widget\" data-widget_type=\"heading.default\">\n\t\t\t\t<div class=\"elementor-widget-container\">\n\t\t\t\t\t<h2 class=\"elementor-heading-title elementor-size-default\">K\u00fcmneaastase kogemusega Eesti p\u00e4ikeseenergialahendustega tegelev ettev\u00f5te siseneb Leedu turule. Ettev\u00f5tte juhtide s\u00f5nul on Baltikumi laienemine oluline strateegiline arengusamm, et tugevdada oma positsiooni P\u00f5hja-Euroopa regioonis.\n<\/h2>\t\t\t\t<\/div>\n\t\t\t\t<\/div>\n\t\t\t\t\t<\/div>\n\t\t<\/div>\n\t\t\t\t\t<\/div>\n\t\t<\/section>\n\t\t\t\t<section class=\"elementor-section elementor-top-section elementor-element elementor-element-506ad90 elementor-section-boxed elementor-section-height-default elementor-section-height-default\" data-id=\"506ad90\" data-element_type=\"section\" data-e-type=\"section\" data-settings=\"{&quot;jet_parallax_layout_list&quot;:[]}\">\n\t\t\t\t\t\t<div class=\"elementor-container elementor-column-gap-default\">\n\t\t\t\t\t<div class=\"elementor-column elementor-col-100 elementor-top-column elementor-element elementor-element-3579fb9\" data-id=\"3579fb9\" data-element_type=\"column\" data-e-type=\"column\">\n\t\t\t<div class=\"elementor-widget-wrap elementor-element-populated\">\n\t\t\t\t\t\t<div class=\"elementor-element elementor-element-e072eed elementor-widget elementor-widget-text-editor\" data-id=\"e072eed\" data-element_type=\"widget\" data-e-type=\"widget\" data-widget_type=\"text-editor.default\">\n\t\t\t\t<div class=\"elementor-widget-container\">\n\t\t\t\t\t\t\t\t\t<div class=\"article-body__item article-body__item--htmlElement\"><p>Eelmise aasta teises pooles Leedu ja L\u00e4ti turgudele laienemiseks kaks miljonit eurot kaasanud Smarteconi kaasasutaja ja tegevjuhi Magno Kure s\u00f5nul oli otsus Baltikumi turgudele investeerida strateegiliselt p\u00f5hjendatud ja l\u00e4bim\u00f5eldud samm. Ettev\u00f5te loodab, et laienemine Leedus aitab riigi nii era- kui ka avalikul sektoril v\u00e4hendada elektritarbimise kulusid ja s\u00f5ltuvust fossiilk\u00fctustest. 2023. aastal on eesm\u00e4rk paigaldada Leetu p\u00e4ikeseparke koguv\u00f5imsusega 20 MW.<\/p><\/div><div class=\"article-body__item article-body__item--htmlElement\"><p>&#8220;Fossiilk\u00fctustest loobumine ja rohelise energia kasutuselev\u00f5tt on t\u00f6\u00f6stuses ja ka laiemalt ettev\u00f5tluses v\u00e4ltimatu samm. K\u00fcmne aasta jooksul oleme omandanud tohutul hulgal kogemusi t\u00f6\u00f6stussektorile ring- ja p\u00e4ikeseenergialahenduste ehitamisel ning on igati loogiline, et kasutame enda teadmisi ja kogemusi kaasaegse energiakeskkonna \u00fcles ehitamisel meie l\u00e4hinaabrite seas,&#8221; \u00fctles Kure. &#8220;Smarteconi kogemustepagas h\u00f5lmab erinevates Euroopa riikides \u00fcle tuhande l\u00f5pule viidud taastuvenergia projekti.&#8221;<\/p><\/div><div class=\"article-body__item article-body__item--htmlElement\"><p>Smartecon on Eestisse paigaldanud enam kui 50 MW ulatuses elektrijaamu ning on siinseid suurimaid taastuvenergia lahendusi pakkuvaid ettev\u00f5tteid. Smarteconis t\u00f6\u00f6tab k\u00fcmneid energeetikaspetsialiste, nagu insenerid, v\u00f5rguettev\u00f5tete kogemusega spetsialistid ja p\u00e4ikeseelektrijaamade ehituseksperdid.<\/p><\/div><div class=\"article-body__item article-body__item--htmlElement\"><p>\u201eLeedu turu tarvis oleme kokku pannud sarnase taustaga tugeva professionaalidest koosneva meeskonna, kelle kogemused aitavad klientidel kiirelt sobiva ja k\u00f5ige tuluefektiivsema lahenduse leida. Iga kliendi vajadused on erinevad, l\u00e4heneme neile individuaalselt ning pakume t\u00f5husaid ja optimaalseid lahendusi,\u201d r\u00e4\u00e4kis Smarteconi Leedu filiaali juht Vaidas Baltu\u0161onis.<\/p><\/div><div class=\"article-body__item article-body__item--htmlElement\"><p>&#8220;Kasutame n\u00fc\u00fcdisaegset tehnoloogiat, et t\u00e4pselt hinnata iga kliendi potentsiaalset energiavajadust ja arvutada v\u00e4lja investeeringu tasuvusaeg. Lisaks p\u00e4ikeseelektrijaamade paigaldamisele pakume ka nende hooldust, pidevat suhtlust ja n\u00f5ustamist kogu pargi eluea jooksul, et kliendid saaksid olla kindlad, et elektrit toodetakse t\u00f5husalt ning rikete v\u00f5i muude h\u00e4iretega tegeletakse kiiresti,&#8221; lisas Baltu\u0161onis.<\/p><\/div><div class=\"article-body__item article-body__item--htmlElement\"><p>Magno Kure s\u00f5nul laienetakse paralleelselt ka L\u00e4ti turule, kuhu on plaan k\u00e4esoleva aasta jooksul paigaldada p\u00e4ikeseparke koguv\u00f5imsusega 40MW.<\/p><\/div>\t\t\t\t\t\t\t\t<\/div>\n\t\t\t\t<\/div>\n\t\t\t\t\t<\/div>\n\t\t<\/div>\n\t\t\t\t\t<\/div>\n\t\t<\/section>\n\t\t\t\t<\/div>\n\t\t","protected":false},"excerpt":{"rendered":"<p>K\u00fcmneaastase kogemusega Eesti p\u00e4ikeseenergialahendustega tegelev ettev\u00f5te siseneb Leedu turule. Ettev\u00f5tte juhtide s\u00f5nul on Baltikumi laienemine oluline strateegiline arengusamm, et tugevdada oma positsiooni P\u00f5hja-Euroopa regioonis. Eelmise aasta teises pooles Leedu ja L\u00e4ti turgudele laienemiseks kaks miljonit eurot kaasanud Smarteconi kaasasutaja ja tegevjuhi Magno Kure s\u00f5nul oli otsus Baltikumi turgudele investeerida strateegiliselt p\u00f5hjendatud ja l\u00e4bim\u00f5eldud samm. Ettev\u00f5te [&hellip;]<\/p>\n","protected":false},"author":116,"featured_media":9163,"comment_status":"open","ping_status":"open","sticky":false,"template":"","format":"standard","meta":{"_acf_changed":false,"footnotes":""},"categories":[1],"tags":[],"class_list":["post-9396","post","type-post","status-publish","format-standard","has-post-thumbnail","hentry","category-uudised"],"acf":[],"_links":{"self":[{"href":"https:\/\/smartecon.com\/et\/wp-json\/wp\/v2\/posts\/9396","targetHints":{"allow":["GET"]}}],"collection":[{"href":"https:\/\/smartecon.com\/et\/wp-json\/wp\/v2\/posts"}],"about":[{"href":"https:\/\/smartecon.com\/et\/wp-json\/wp\/v2\/types\/post"}],"author":[{"embeddable":true,"href":"https:\/\/smartecon.com\/et\/wp-json\/wp\/v2\/users\/116"}],"replies":[{"embeddable":true,"href":"https:\/\/smartecon.com\/et\/wp-json\/wp\/v2\/comments?post=9396"}],"version-history":[{"count":7,"href":"https:\/\/smartecon.com\/et\/wp-json\/wp\/v2\/posts\/9396\/revisions"}],"predecessor-version":[{"id":10402,"href":"https:\/\/smartecon.com\/et\/wp-json\/wp\/v2\/posts\/9396\/revisions\/10402"}],"wp:featuredmedia":[{"embeddable":true,"href":"https:\/\/smartecon.com\/et\/wp-json\/wp\/v2\/media\/9163"}],"wp:attachment":[{"href":"https:\/\/smartecon.com\/et\/wp-json\/wp\/v2\/media?parent=9396"}],"wp:term":[{"taxonomy":"category","embeddable":true,"href":"https:\/\/smartecon.com\/et\/wp-json\/wp\/v2\/categories?post=9396"},{"taxonomy":"post_tag","embeddable":true,"href":"https:\/\/smartecon.com\/et\/wp-json\/wp\/v2\/tags?post=9396"}],"curies":[{"name":"wp","href":"https:\/\/api.w.org\/{rel}","templated":true}]}}