{"id":11326,"date":"2023-08-02T14:37:16","date_gmt":"2023-08-02T11:37:16","guid":{"rendered":"https:\/\/smartecon.com\/?p=11326"},"modified":"2023-08-17T12:59:11","modified_gmt":"2023-08-17T09:59:11","slug":"smarteconi-pikaajaline-kogemus-kuidas-saavutada-edu-rahvusvahelisel-paikeseenergia-turul","status":"publish","type":"post","link":"https:\/\/smartecon.com\/et\/smarteconi-pikaajaline-kogemus-kuidas-saavutada-edu-rahvusvahelisel-paikeseenergia-turul\/","title":{"rendered":"Smarteconi pikaajaline kogemus: kuidas saavutada edu rahvusvahelisel p\u00e4ikeseenergia turul?"},"content":{"rendered":"\t\t<div data-elementor-type=\"wp-post\" data-elementor-id=\"11326\" class=\"elementor elementor-11326\" data-elementor-post-type=\"post\">\n\t\t\t\t\t\t<section class=\"elementor-section elementor-top-section elementor-element elementor-element-9b7747d elementor-section-boxed elementor-section-height-default elementor-section-height-default\" data-id=\"9b7747d\" data-element_type=\"section\" data-e-type=\"section\" data-settings=\"{&quot;jet_parallax_layout_list&quot;:[]}\">\n\t\t\t\t\t\t<div class=\"elementor-container elementor-column-gap-default\">\n\t\t\t\t\t<div class=\"elementor-column elementor-col-100 elementor-top-column elementor-element elementor-element-f9a0474\" data-id=\"f9a0474\" data-element_type=\"column\" data-e-type=\"column\">\n\t\t\t<div class=\"elementor-widget-wrap elementor-element-populated\">\n\t\t\t\t\t\t<div class=\"elementor-element elementor-element-f3db2b2 elementor-widget elementor-widget-heading\" data-id=\"f3db2b2\" data-element_type=\"widget\" data-e-type=\"widget\" data-widget_type=\"heading.default\">\n\t\t\t\t<div class=\"elementor-widget-container\">\n\t\t\t\t\t<h2 class=\"elementor-heading-title elementor-size-default\">P\u00e4ikeseparkide arendamise potentsiaal on Baltimaades suur, kuid seni veel alakasutatud. Taastuvenergia valdkonna pikaajalise kogemusega Smarteconi tegevjuhi Magno Kure s\u00f5nul on \u00fcks peamisi murekohti elektriv\u00f5rgu suutmatus tootjaid v\u00f5rku liita. <\/h2>\t\t\t\t<\/div>\n\t\t\t\t<\/div>\n\t\t\t\t\t<\/div>\n\t\t<\/div>\n\t\t\t\t\t<\/div>\n\t\t<\/section>\n\t\t\t\t<section class=\"elementor-section elementor-top-section elementor-element elementor-element-32a3708 elementor-section-boxed elementor-section-height-default elementor-section-height-default\" data-id=\"32a3708\" data-element_type=\"section\" data-e-type=\"section\" data-settings=\"{&quot;jet_parallax_layout_list&quot;:[]}\">\n\t\t\t\t\t\t<div class=\"elementor-container elementor-column-gap-default\">\n\t\t\t\t\t<div class=\"elementor-column elementor-col-100 elementor-top-column elementor-element elementor-element-21a4952\" data-id=\"21a4952\" data-element_type=\"column\" data-e-type=\"column\">\n\t\t\t<div class=\"elementor-widget-wrap elementor-element-populated\">\n\t\t\t\t\t\t<div class=\"elementor-element elementor-element-f6166bc elementor-widget elementor-widget-text-editor\" data-id=\"f6166bc\" data-element_type=\"widget\" data-e-type=\"widget\" data-widget_type=\"text-editor.default\">\n\t\t\t\t<div class=\"elementor-widget-container\">\n\t\t\t\t\t\t\t\t\t<p>Muutunud geopoliitiline olukord ja European Green Deal kava survestavad Euroopa Liitu 2050. aastaks kliimaneutraalseks muutuma ja sunnivad riike otsima v\u00f5imalusi fossiilsete k\u00fctuste asendamiseks ja energia s\u00f5ltumatuse tagamiseks. \u00dcheks lahenduseks oleks p\u00e4ikeseelektrijaamade poolt toodetud elekter.<\/p><p><br \/>L\u00e4ti, Leedu ja Eesti elektritarbijad investeerivad \u00fcha enam p\u00e4ikesepaneelidesse, paigaldades neid oma koduaeda, majade katustele v\u00f5i hangitakse elektrit kodust kaugemal asuvatest p\u00e4ikeseparkidest. Paraku seisab p\u00e4ikeseelektrijaamade arendamine Eestis silmitsi v\u00e4ljakutsetega. Kure s\u00f5nul on suur puudus spetsialiseerunud ettev\u00f5tetest, kes suudaks kohaneda erinevate riikide n\u00f5uetega, omaks vajalikke teadmisi, kogemusi ja professionaalset meeskonda. Oluline ei ole \u00fcksnes suutlikus juhtida suure ulatusega rahvusvahelisi projekte, vaid ka t\u00f6\u00f6de t\u00f5rgeteta elluviimine ja juba valminud parkide hooldus.<\/p><p>\u00a0<\/p><p>&#8220;Oleme juba \u00fcle 10 aasta t\u00f6\u00f6tanud sihip\u00e4raselt selles suunas \u2013 hoolitseme p\u00e4ikeseelektrijaamade rajamise ja hoolduse eest. Oma varasemate t\u00f6\u00f6dega oleme t\u00f5estanud oma meeskonna v\u00f5imekust keerukate projektidega tegeleda. Meie meeskonda kuuluvad k\u00f5rgelt kvalifitseeritud projekteerijad, insenerid ja projektijuhid,&#8221; \u00fctleb Smarteconi tegevjuht Magno Kure. Ettev\u00f5tte asutaja ja tegevjuhi s\u00f5nul on kogemusi kogutud projektide mahtu pidevalt kasvatades. K\u00fcmme aastat tagasi alustas Smartecon Eesti v\u00e4ikeettev\u00f5ttena, praegu teostab firma projekte Baltikumis ja l\u00e4hiajal ka Skandinaavias: ehitab 130 megavatise koguv\u00f5imsusega p\u00e4ikeseparke ja arendab 224 megavatise koguv\u00f5imsusega p\u00e4ikeseelektrijaamu.<\/p>\t\t\t\t\t\t\t\t<\/div>\n\t\t\t\t<\/div>\n\t\t\t\t\t<\/div>\n\t\t<\/div>\n\t\t\t\t\t<\/div>\n\t\t<\/section>\n\t\t\t\t<section class=\"elementor-section elementor-top-section elementor-element elementor-element-a567434 elementor-section-boxed elementor-section-height-default elementor-section-height-default\" data-id=\"a567434\" data-element_type=\"section\" data-e-type=\"section\" data-settings=\"{&quot;jet_parallax_layout_list&quot;:[]}\">\n\t\t\t\t\t\t<div class=\"elementor-container elementor-column-gap-default\">\n\t\t\t\t\t<div class=\"elementor-column elementor-col-100 elementor-top-column elementor-element elementor-element-e363676\" data-id=\"e363676\" data-element_type=\"column\" data-e-type=\"column\">\n\t\t\t<div class=\"elementor-widget-wrap elementor-element-populated\">\n\t\t\t\t\t\t<div class=\"elementor-element elementor-element-3c31caf elementor-widget elementor-widget-heading\" data-id=\"3c31caf\" data-element_type=\"widget\" data-e-type=\"widget\" data-widget_type=\"heading.default\">\n\t\t\t\t<div class=\"elementor-widget-container\">\n\t\t\t\t\t<h2 class=\"elementor-heading-title elementor-size-default\">Arengut takistab p\u00e4devuse puudumine<\/h2>\t\t\t\t<\/div>\n\t\t\t\t<\/div>\n\t\t\t\t\t<\/div>\n\t\t<\/div>\n\t\t\t\t\t<\/div>\n\t\t<\/section>\n\t\t\t\t<section class=\"elementor-section elementor-top-section elementor-element elementor-element-2352edf elementor-section-boxed elementor-section-height-default elementor-section-height-default\" data-id=\"2352edf\" data-element_type=\"section\" data-e-type=\"section\" data-settings=\"{&quot;jet_parallax_layout_list&quot;:[]}\">\n\t\t\t\t\t\t<div class=\"elementor-container elementor-column-gap-default\">\n\t\t\t\t\t<div class=\"elementor-column elementor-col-100 elementor-top-column elementor-element elementor-element-290fba6\" data-id=\"290fba6\" data-element_type=\"column\" data-e-type=\"column\">\n\t\t\t<div class=\"elementor-widget-wrap elementor-element-populated\">\n\t\t\t\t\t\t<div class=\"elementor-element elementor-element-8c0b942 elementor-widget elementor-widget-text-editor\" data-id=\"8c0b942\" data-element_type=\"widget\" data-e-type=\"widget\" data-widget_type=\"text-editor.default\">\n\t\t\t\t<div class=\"elementor-widget-container\">\n\t\t\t\t\t\t\t\t\t<p>N\u00f5udlust taastuvenergia j\u00e4rele ei suuda praegune p\u00e4ikeseparkide arendamine tempo hoovata. Arendajad ei saa soovitud kiirusel projektidega edasi liikuda, sest teel seisavad olulised probleemid.<\/p><p>\u00a0<\/p><p>P\u00f5hiliseks murekohaks on asjaolu, et rahvusvahelisel turul on puudus projektijuhtimisega tegelevatest firmadest ja valdkonna spetsialistidest, kes suudaksid tagada projektide sujuva ettevalmistamise, juhtimise ja teostuse. On ettev\u00f5tteid, kes suudavad \u00fche osa neist \u00fclesannetest \u00e4ra teha, kuid edasise jaoks puuduvad neil vastavad kogemused ja professionaalsed insenerid v\u00f5i projekteerijad.<\/p><p>\u00a0<\/p><p>Teine v\u00e4ljakutse on p\u00e4ikesepargi [MK1] elektriv\u00f5rkudega \u00fchendamine. P\u00e4ikesepargi paigaldamine on kogu t\u00f6\u00f6 \u00fcks osa. Teine v\u00e4ljakutse on elektrijaama turvaline \u00fchendamine elektriv\u00f5rkudega, mille puhul seistakse sageli silmitsi teatud probleemidega. Eri riikides on erinevad n\u00f5uded, eeskirjad ja menetlused, mist\u00f5ttu suudavad v\u00e4ga v\u00e4hesed t\u00f6\u00f6v\u00f5tjad neid \u00fclesandeid t\u00f5rgeteta teostada.<\/p><p>\u00a0<\/p><p>\u00a0Kure s\u00f5nul on olemas ka kolmas v\u00e4ljakutse &#8211; on t\u00f5sine puudus ettev\u00f5tetest, kes suudaks pakkuda varahaldusteenust. Ainult p\u00e4ikeseelektrijaama pargi paigaldamisest ei piisa. Selleks, et see park korralikult t\u00f6\u00f6taks, tuleb parki j\u00e4rjepidevalt hooldada, kuid m\u00e4rkimisv\u00e4\u00e4rne osa t\u00f6\u00f6v\u00f5tjatest ei suuda sellist teenust pakkuda.<\/p>\t\t\t\t\t\t\t\t<\/div>\n\t\t\t\t<\/div>\n\t\t\t\t\t<\/div>\n\t\t<\/div>\n\t\t\t\t\t<\/div>\n\t\t<\/section>\n\t\t\t\t<section class=\"elementor-section elementor-top-section elementor-element elementor-element-674e6ee elementor-section-boxed elementor-section-height-default elementor-section-height-default\" data-id=\"674e6ee\" data-element_type=\"section\" data-e-type=\"section\" data-settings=\"{&quot;jet_parallax_layout_list&quot;:[]}\">\n\t\t\t\t\t\t<div class=\"elementor-container elementor-column-gap-default\">\n\t\t\t\t\t<div class=\"elementor-column elementor-col-100 elementor-top-column elementor-element elementor-element-8d72e2e\" data-id=\"8d72e2e\" data-element_type=\"column\" data-e-type=\"column\">\n\t\t\t<div class=\"elementor-widget-wrap elementor-element-populated\">\n\t\t\t\t\t\t<div class=\"elementor-element elementor-element-0f5c29c elementor-widget elementor-widget-heading\" data-id=\"0f5c29c\" data-element_type=\"widget\" data-e-type=\"widget\" data-widget_type=\"heading.default\">\n\t\t\t\t<div class=\"elementor-widget-container\">\n\t\t\t\t\t<h2 class=\"elementor-heading-title elementor-size-default\">Kasutegurid investoritele ja arendajatele<\/h2>\t\t\t\t<\/div>\n\t\t\t\t<\/div>\n\t\t\t\t\t<\/div>\n\t\t<\/div>\n\t\t\t\t\t<\/div>\n\t\t<\/section>\n\t\t\t\t<section class=\"elementor-section elementor-top-section elementor-element elementor-element-cdb7dfa elementor-section-boxed elementor-section-height-default elementor-section-height-default\" data-id=\"cdb7dfa\" data-element_type=\"section\" data-e-type=\"section\" data-settings=\"{&quot;jet_parallax_layout_list&quot;:[]}\">\n\t\t\t\t\t\t<div class=\"elementor-container elementor-column-gap-default\">\n\t\t\t\t\t<div class=\"elementor-column elementor-col-100 elementor-top-column elementor-element elementor-element-9f82b68\" data-id=\"9f82b68\" data-element_type=\"column\" data-e-type=\"column\">\n\t\t\t<div class=\"elementor-widget-wrap elementor-element-populated\">\n\t\t\t\t\t\t<div class=\"elementor-element elementor-element-ab356ff elementor-widget elementor-widget-text-editor\" data-id=\"ab356ff\" data-element_type=\"widget\" data-e-type=\"widget\" data-widget_type=\"text-editor.default\">\n\t\t\t\t<div class=\"elementor-widget-container\">\n\t\t\t\t\t\t\t\t\t<p>K\u00fcmne tegutsemisaasta jooksul on Smartecon teostanud \u00fcle 1000 projekti erinevates riikides, projektide koguv\u00e4\u00e4rtus on \u00fcle 50 miljoni euro.<\/p><p>\u00a0<\/p><p>Ettev\u00f5te oli oma valdkonnas \u00fcks esimesi tegijaid Eestis, osales aktiivselt p\u00e4ikeseparkide arendamises, aitas v\u00e4lja t\u00f6\u00f6tada standardeid ja panustas Eesti P\u00e4ikeseelektri Assotsiatsiooni loomisesse. K\u00f5ik see on andnud ka tulemusi &#8211; Eestist on saanud \u00fcks maailma juhtivaid p\u00e4ikeseenergiat kaasavaid turge.<\/p><p>\u00a0<\/p><p>Kure s\u00f5nul koosneb ettev\u00f5tte tiim k\u00f5rgelt kvalifitseeritud professionaalidest, kel on suurte projektide juhtimise kogemus ja teadmised p\u00e4ikesepargi projekteerimisest. Seda silmas pidades on Smarteconi tiim fookust hoidnud alati k\u00f5ige efektiivsemate lahenduste leidmisel.<\/p><p>\u00a0<\/p><p>&#8220;Meie meeskond mitte ei tunne ainult Balti riikide liitumisn\u00f5udeid, vaid meil on ka kogemused ja partnereid teistes Euroopa riikides, millest tulenevalt saame pakkuda t\u00f5husaid lahendusi suurte rahvusvaheliste projektide teostamiseks, sealjuures suudame projekte elluviies ja hooldades hoida kvaliteedi sama k\u00f5rgel tasemel nagu kohalike projektide puhul,&#8221; r\u00f5hutab Smarteconi tegevjuht Magno Kure.<\/p><p>\u00a0<\/p><p>Energia \u00fclemineku indeksi j\u00e4rgi on Eesti 120 riigi seas k\u00fcmnendal kohal (L\u00e4ti 26, Leedu 36).<\/p><p>See peegeldab Eesti p\u00e4ikeseenergia suurt arengut ja Smarteconi kogemuste v\u00e4\u00e4rtust arenenud turul.<\/p>\t\t\t\t\t\t\t\t<\/div>\n\t\t\t\t<\/div>\n\t\t\t\t\t<\/div>\n\t\t<\/div>\n\t\t\t\t\t<\/div>\n\t\t<\/section>\n\t\t\t\t<section class=\"elementor-section elementor-top-section elementor-element elementor-element-217205d elementor-section-boxed elementor-section-height-default elementor-section-height-default\" data-id=\"217205d\" data-element_type=\"section\" data-e-type=\"section\" data-settings=\"{&quot;jet_parallax_layout_list&quot;:[]}\">\n\t\t\t\t\t\t<div class=\"elementor-container elementor-column-gap-default\">\n\t\t\t\t\t<div class=\"elementor-column elementor-col-100 elementor-top-column elementor-element elementor-element-d6e7d83\" data-id=\"d6e7d83\" data-element_type=\"column\" data-e-type=\"column\">\n\t\t\t<div class=\"elementor-widget-wrap elementor-element-populated\">\n\t\t\t\t\t\t<div class=\"elementor-element elementor-element-635f812 elementor-widget elementor-widget-heading\" data-id=\"635f812\" data-element_type=\"widget\" data-e-type=\"widget\" data-widget_type=\"heading.default\">\n\t\t\t\t<div class=\"elementor-widget-container\">\n\t\t\t\t\t<h2 class=\"elementor-heading-title elementor-size-default\">Tulevik on p\u00e4ikeseparkide arendamine<\/h2>\t\t\t\t<\/div>\n\t\t\t\t<\/div>\n\t\t\t\t\t<\/div>\n\t\t<\/div>\n\t\t\t\t\t<\/div>\n\t\t<\/section>\n\t\t\t\t<section class=\"elementor-section elementor-top-section elementor-element elementor-element-7f7be88 elementor-section-boxed elementor-section-height-default elementor-section-height-default\" data-id=\"7f7be88\" data-element_type=\"section\" data-e-type=\"section\" data-settings=\"{&quot;jet_parallax_layout_list&quot;:[]}\">\n\t\t\t\t\t\t<div class=\"elementor-container elementor-column-gap-default\">\n\t\t\t\t\t<div class=\"elementor-column elementor-col-100 elementor-top-column elementor-element elementor-element-758986c\" data-id=\"758986c\" data-element_type=\"column\" data-e-type=\"column\">\n\t\t\t<div class=\"elementor-widget-wrap elementor-element-populated\">\n\t\t\t\t\t\t<div class=\"elementor-element elementor-element-4578ca9 elementor-widget elementor-widget-text-editor\" data-id=\"4578ca9\" data-element_type=\"widget\" data-e-type=\"widget\" data-widget_type=\"text-editor.default\">\n\t\t\t\t<div class=\"elementor-widget-container\">\n\t\t\t\t\t\t\t\t\t<p>Balti riigid tegelevad taastuvate energiaallikate arendamisega, suunates ressursse p\u00e4ikeseenergiasse ja \u00fchtse riikidevahelise v\u00f5rgu ehitamisse.<\/p><p>\u00a0<\/p><p>&#8220;Riigid vastutavad ise oma elektriv\u00f5rkude arendamise eest. Oluline on aegsasti tegeleda v\u00f5rkude planeerimise, ehitamise ja targa juhtimisega, et nad suudaksid vastu pidada suure v\u00f5imsusega p\u00e4ikeseelektrijaamade v\u00f5imsusele. Vajadus p\u00e4ikeseenergia j\u00e4rele suureneb tulevikus veelgi, sest Euroopa Liidu riigid on v\u00f5tnud endale kohustuse v\u00e4hendada CO2 heitkoguseid ja see t\u00e4hendab elektrifitseerituse olulist suurenemist. Kui tegeleda parkide arendamisega ja tagada nende hooldus, on v\u00f5imalik neilt energiat saada v\u00e4hemalt 30 aastat,&#8221; \u00fctleb Magno Kure.<\/p>\t\t\t\t\t\t\t\t<\/div>\n\t\t\t\t<\/div>\n\t\t\t\t\t<\/div>\n\t\t<\/div>\n\t\t\t\t\t<\/div>\n\t\t<\/section>\n\t\t\t\t<\/div>\n\t\t","protected":false},"excerpt":{"rendered":"<p>P\u00e4ikeseparkide arendamise potentsiaal on Baltimaades suur, kuid seni veel alakasutatud. Taastuvenergia valdkonna pikaajalise kogemusega Smarteconi tegevjuhi Magno Kure s\u00f5nul on \u00fcks peamisi murekohti elektriv\u00f5rgu suutmatus tootjaid v\u00f5rku liita. Muutunud geopoliitiline olukord ja European Green Deal kava survestavad Euroopa Liitu 2050. aastaks kliimaneutraalseks muutuma ja sunnivad riike otsima v\u00f5imalusi fossiilsete k\u00fctuste asendamiseks ja energia s\u00f5ltumatuse tagamiseks. [&hellip;]<\/p>\n","protected":false},"author":116,"featured_media":11138,"comment_status":"closed","ping_status":"open","sticky":false,"template":"","format":"standard","meta":{"_acf_changed":false,"footnotes":""},"categories":[1],"tags":[],"class_list":["post-11326","post","type-post","status-publish","format-standard","has-post-thumbnail","hentry","category-uudised"],"acf":[],"_links":{"self":[{"href":"https:\/\/smartecon.com\/et\/wp-json\/wp\/v2\/posts\/11326","targetHints":{"allow":["GET"]}}],"collection":[{"href":"https:\/\/smartecon.com\/et\/wp-json\/wp\/v2\/posts"}],"about":[{"href":"https:\/\/smartecon.com\/et\/wp-json\/wp\/v2\/types\/post"}],"author":[{"embeddable":true,"href":"https:\/\/smartecon.com\/et\/wp-json\/wp\/v2\/users\/116"}],"replies":[{"embeddable":true,"href":"https:\/\/smartecon.com\/et\/wp-json\/wp\/v2\/comments?post=11326"}],"version-history":[{"count":5,"href":"https:\/\/smartecon.com\/et\/wp-json\/wp\/v2\/posts\/11326\/revisions"}],"predecessor-version":[{"id":11673,"href":"https:\/\/smartecon.com\/et\/wp-json\/wp\/v2\/posts\/11326\/revisions\/11673"}],"wp:featuredmedia":[{"embeddable":true,"href":"https:\/\/smartecon.com\/et\/wp-json\/wp\/v2\/media\/11138"}],"wp:attachment":[{"href":"https:\/\/smartecon.com\/et\/wp-json\/wp\/v2\/media?parent=11326"}],"wp:term":[{"taxonomy":"category","embeddable":true,"href":"https:\/\/smartecon.com\/et\/wp-json\/wp\/v2\/categories?post=11326"},{"taxonomy":"post_tag","embeddable":true,"href":"https:\/\/smartecon.com\/et\/wp-json\/wp\/v2\/tags?post=11326"}],"curies":[{"name":"wp","href":"https:\/\/api.w.org\/{rel}","templated":true}]}}